{"id":29674,"date":"2026-03-22T18:11:40","date_gmt":"2026-03-22T17:11:40","guid":{"rendered":"https:\/\/www.lafactoriafotografica.barcelona\/quieres-descrubrir-20-ideas-divertidas-para-despedir-primaria\/"},"modified":"2026-04-16T10:27:15","modified_gmt":"2026-04-16T08:27:15","slug":"ideas-primaria","status":"publish","type":"post","link":"https:\/\/www.lafactoriafotografica.barcelona\/ca\/ideas-primaria\/","title":{"rendered":"Vols descobrir 20 idees divertides per acomiadar prim\u00e0ria?"},"content":{"rendered":"<p>[et_pb_section fb_built=&#8221;1&#8243; _builder_version=&#8221;4.18.0&#8243; _module_preset=&#8221;default&#8221; da_disable_devices=&#8221;off|off|off&#8221; global_colors_info=&#8221;{}&#8221; da_is_popup=&#8221;off&#8221; da_exit_intent=&#8221;off&#8221; da_has_close=&#8221;on&#8221; da_alt_close=&#8221;off&#8221; da_dark_close=&#8221;off&#8221; da_not_modal=&#8221;on&#8221; da_is_singular=&#8221;off&#8221; da_with_loader=&#8221;off&#8221; da_has_shadow=&#8221;on&#8221;][et_pb_row _builder_version=&#8221;4.18.0&#8243; _module_preset=&#8221;default&#8221; global_colors_info=&#8221;{}&#8221;][et_pb_column type=&#8221;4_4&#8243; _builder_version=&#8221;4.18.0&#8243; _module_preset=&#8221;default&#8221; global_colors_info=&#8221;{}&#8221;][et_pb_text _builder_version=&#8221;4.27.0&#8243; _module_preset=&#8221;default&#8221; global_colors_info=&#8221;{}&#8221;]<\/p>\n<h1><span style=\"font-size: 14px; color: #666666;\">Hi ha moments a la vida escolar que es queden gravats per sempre. La fi de cicle de 6\u00e8 de prim\u00e0ria n&#8217;\u00e9s un: una barreja preciosa d&#8217;il\u00b7lusi\u00f3 pel que ve i nost\u00e0lgia pel que es deixa enrere. Per\u00f2 el m\u00e9s bonic \u00e9s que aquestes emocions no entenen edats. Tant si es tracta d&#8217;infantil, prim\u00e0ria, ESO o batxillerat, <\/span><strong style=\"font-size: 14px; color: #666666;\"><a href=\"https:\/\/www.edubcn.cat\/es\/centros_y_servicios_educativos\/centros_educativos\/gestion_centros\/calendario_escolar\/2025_2026\">tancar un curs escolar<\/a> \u00e9s sempre tancar una etapa de vida<\/strong> <span style=\"font-size: 14px; color: #666666;\">.<\/span><\/h1>\n<p><span style=\"font-size: 14px; color: #666666;\"><\/span><\/p>\n<p><span style=\"font-size: 14px; color: #666666;\"><\/span><\/p>\n<p><span>Per aix\u00f2 avui us portem <strong>20 idees plenes d&#8217;emoci\u00f3, rialles i records<\/strong> per acomiadar el curs d&#8217;una manera especial, aut\u00e8ntica i profundament humana.<\/span><\/p>\n<p><span><\/span><\/p>\n<p><span>El final de curs sempre arriba carregat d&#8217;emocions: il\u00b7lusi\u00f3, nost\u00e0lgia, rialles i, sobretot, ganes de celebrar tot all\u00f2 viscut. A 6\u00e8 de prim\u00e0ria, a m\u00e9s, es tanca una etapa molt especial. Per\u00f2 aquestes idees tamb\u00e9 funcionen a infantil, prim\u00e0ria, ESO o fins i tot batxillerat. <\/span><\/p>\n<p><span><\/span><\/p>\n<p><span>Si est\u00e0s buscant activitats originals per acomiadar el curs amb magnific\u00e8ncia, aqu\u00ed tens <strong>20 propostes divertides, econ\u00f2miques i f\u00e0cils d&#8217;organitzar<\/strong> .<\/span><\/p>\n<p><span><\/span><\/p>\n<p><span><\/span><\/p>\n<p><span><\/span><\/p>\n<div><\/div>\n<h1><span>1.<\/span> <span>Photocall<\/span> <span>d&#8217;<\/span> <span>abra\u00e7ades<\/span> <span>i<\/span> <span>records<\/span><\/h1>\n<p><span>Un espai decorat amb frases boniques, marcs gegants i accessoris divertits on els alumnes es puguin fer fotos amb els amics, professors i fam\u00edlies. \u00c9s un rac\u00f3 on es barregen rialles, abra\u00e7ades i mirades c\u00f2mplices. Les imatges del dia es converteixen en petits tresors que guarden l&#8217;ess\u00e8ncia del curs. <\/span><\/p>\n<div><\/div>\n<h1><span>2.<\/span> <span>La<\/span> <span>c\u00e0psula<\/span> <span>del<\/span> <span>temps<\/span> <span>emocional<\/span><\/h1>\n<p><span>Cada alumne escriu una carta al seu \u201cjo del futur\u201d, explicant com se sent, qu\u00e8 ha apr\u00e8s i qu\u00e8 somia per als propers anys. Es guarda en una caixa segellada i s&#8217;obre d&#8217;aqu\u00ed a un temps acordat. Quan la tornin a llegir, descobriran quant han crescut, no nom\u00e9s per fora, sin\u00f3 tamb\u00e9 per dins. <\/span><\/p>\n<div><\/div>\n<h1><span>3.<\/span> <span>La<\/span> <span>gala<\/span> <span>dels<\/span> <span>talents<\/span> <span>invisibles<\/span><span>\u200b<\/span><\/h1>\n<p><span>Una celebraci\u00f3 on es reconeixen talents que no sempre apareixen als ex\u00e0mens: \u2013 qui anima els altres \u2013 qui escolta sense jutjar \u2013 qui contagia alegria \u2013 qui t\u00e9 idees brillants \u00c9s una gala que posa en valor all\u00f2 que realment importa: l&#8217;ess\u00e8ncia de cada nen.<\/span><\/p>\n<div><\/div>\n<h1><span>4.<\/span> <span>La<\/span> <span>pel\u00b7l\u00edcula<\/span> <span>de l&#8217;<\/span> <span>any<\/span><\/h1>\n<p><span>Un muntatge amb fotos, v\u00eddeos, an\u00e8cdotes i moments espontanis del curs. En projectar-la, es barregen rialles, nost\u00e0lgia i emoci\u00f3. \u00c9s un viatge per tot all\u00f2 viscut, un recordatori que cada dia ha deixat una empremta. <\/span><\/p>\n<div><\/div>\n<h1><span>5.<\/span> <span>El<\/span> <span>berenar<\/span> <span>de<\/span> <span>comiat<\/span><\/h1>\n<p><span>Cada alumne porta un aliment que recordi la seva inf\u00e0ncia o un moment especial. Mentre comparteixen el menjar, tamb\u00e9 comparteixen hist\u00f2ries, records i emocions. \u00c9s una manera senzilla i preciosa de celebrar la diversitat del grup. <\/span><\/p>\n<div><\/div>\n<h1><span>6.<\/span> <span>Premis<\/span> <span>amb<\/span> <span>\u00e0nima<\/span><\/h1>\n<p><span>Premis simb\u00f2lics que reconeixen qualitats humanes: \u201cCompany de l&#8217;any\u201d, \u201cSomriure que il\u00b7lumina\u201d, \u201cCor gegant\u201d, \u201cCreativitat sense l\u00edmits\u201d. S\u00f3n reconeixements que arriben al cor i enforteixen l?autoestima. <\/span><\/p>\n<div><\/div>\n<h1><span>7.<\/span> <span>El<\/span> <span>llibre<\/span> <span>dels<\/span> <span>missatges<\/span> <span>bonics<\/span><span>\u200b<\/span><\/h1>\n<p><span>Un quadern on cada alumne escriu un missatge positiu a un altre. Paraules que animen, que abracen, que acompanyen. Molts ho guardaran tota la vida com un recordatori que van ser importants per a alg\u00fa. <\/span><\/p>\n<div><\/div>\n<h1><span>8.<\/span> <span>El<\/span> <span>mural<\/span> <span>de<\/span> <span>les<\/span> <span>empremtes<\/span><\/h1>\n<p><span>Cada nen deixa la petjada de pintura i escriu un desig per al futur. El mural queda a l&#8217;escola com a s\u00edmbol del seu pas per all\u00e0. \u00c9s una forma visual i emotiva de dir: \u201cVam ser aqu\u00ed, i vam deixar una cosa bonica\u201d. <\/span><\/p>\n<div><\/div>\n<h1><span>9.<\/span> <span>La<\/span> <span>can\u00e7\u00f3<\/span> <span>del<\/span> <span>curs<\/span><\/h1>\n<p><span>Crear junts una lletra que parli del que s&#8217;ha viscut: les rialles, els reptes, els aprenentatges, els moments inoblidables. Cantada el darrer dia, es converteix en un himne que emociona qualsevol. <\/span><\/p>\n<div><\/div>\n<h1><span>10.<\/span> <span>Cartes<\/span> <span>per<\/span> <span>als que<\/span> <span>ens<\/span> <span>van acompanyar<\/span><\/h1>\n<p><span>Els alumnes escriuen cartes a companys, professors, personal del centre o familiars que han estat importants durant el curs. Un gest senzill que toca el cor i que moltes persones guardaran com un tresor. <\/span><\/p>\n<div><\/div>\n<h1><span>11.<\/span> <span>Escape<\/span> <span>room<\/span> <span>de<\/span> <span>records<\/span><\/h1>\n<p><span>Un joc amb pistes basades en an\u00e8cdotes del curs: frases que van dir, activitats que van fer, moments divertits. \u00c9s una activitat que barreja emoci\u00f3, mem\u00f2ria i treball en equip. <\/span><\/p>\n<div><\/div>\n<h1><span>12.<\/span> <span>Festa<\/span> <span>tem\u00e0tica<\/span><\/h1>\n<p><span>Hawaiana, de colors, de superherois, dels anys 80\u2026 El que \u00e9s important no \u00e9s el tema, sin\u00f3 l&#8217;alegria de celebrar junts el final d&#8217;una etapa. M\u00fasica, ball i diversi\u00f3 garantida. <\/span><\/p>\n<div><\/div>\n<h1><span>13.<\/span> <span>Gymkana<\/span> <span>d&#8217;<\/span> <span>emocions<\/span><\/h1>\n<p><span>Proves que combinen joc i reflexi\u00f3: recon\u00e8ixer emocions, recordar moments especials, superar reptes en equip. \u00c9s una activitat perfecta per tancar el curs amb energia i connexi\u00f3 emocional. <\/span><\/p>\n<div><\/div>\n<h1><span>14.<\/span> <span>\u00c0lbum<\/span> <span>de<\/span> <span>comiat<\/span><\/h1>\n<p><span>Cada alumne aporta una foto i una frase que representi el seu any. Amb totes es crea un \u00e0lbum que es lliura l&#8217;\u00faltim dia. \u00c9s un record preci\u00f3s que resumeix l?ess\u00e8ncia del grup. <\/span><\/p>\n<div><\/div>\n<h1><span>15.<\/span> <span>Picnic<\/span> <span>al<\/span> <span>parc<\/span><span>\u200b<\/span><\/h1>\n<p><span>Un dia a l&#8217;aire lliure per gaudir sense presses, jugar, xerrar i compartir. De vegades, els moments m\u00e9s senzills s\u00f3n els que m\u00e9s es recorden. <\/span><\/p>\n<div><\/div>\n<h1><span>16.<\/span> <span>Teatre<\/span> <span>improvisat<\/span><\/h1>\n<p><span>Els alumnes representen escenes improvisades sobre moments del curs. Sorgeixen rialles, ocurr\u00e8ncies inesperades i records que tornen a cobrar vida. <\/span><\/p>\n<div><\/div>\n<h1><span>17.<\/span> <span>Experiments<\/span> <span>sorprenents<\/span><\/h1>\n<p><span>Una activitat original i educativa. Experiments senzills que desperten la curiositat i permeten tancar el curs aprenent de manera divertida. <\/span><\/p>\n<div><\/div>\n<h1><span>18.<\/span> <span>Minut<\/span> <span>de<\/span> <span>calma<\/span><\/h1>\n<p><span>Una sessi\u00f3 de mindfulness per agrair, respirar i tancar l&#8217;etapa. Un moment de silenci compartit que ajuda a connectar amb un mateix i amb el grup. <\/span><\/p>\n<div><\/div>\n<h1><span>19.<\/span> <span>Amic<\/span> <span>invisible<\/span> <span>de<\/span> <span>paraules<\/span><\/h1>\n<p><span>En comptes de regals materials, s&#8217;intercanvien missatges positius. Paraules que abracen, que animen, que deixen empremta. Una activitat que enforteix els lla\u00e7os del grup. <\/span><\/p>\n<div><\/div>\n<h1><span>20.<\/span> <span>L&#8217;<\/span> <span>arbre<\/span> <span>dels<\/span> <span>desitjos<\/span><span>\u200b<\/span><\/h1>\n<p><span>Cada alumne escriu un desig pel futur i el penja en un arbre decorat. \u00c9s un ritual preci\u00f3s que simbolitza esperan\u00e7a, creixement i nous inicis. <\/span><\/p>\n<h1><\/h1>\n<p>&nbsp;<\/p>\n<h1><span>i la 21&#8230;<\/span><\/h1>\n<h1><\/h1>\n<h1>\ud83d\udcf8 L&#8217;orla: un record que guarda tot all\u00f2 viscut<\/h1>\n<p><span>Entre totes les activitats, hi ha un record que resumeix l\u201fess\u00e8ncia d\u201fun curs sencer: <strong>l\u201forla escolar<\/strong> . No \u00e9s nom\u00e9s una foto. \u00c9s un trosset d&#8217;hist\u00f2ria, una c\u00e0psula de temps, una abra\u00e7ada en paper. <\/span><\/p>\n<p><span>A La Factor\u00eda Fotogr\u00e1fica creem orles plenes de vida, color i emoci\u00f3, pensades perqu\u00e8 cada alumne se senti part d&#8217;alguna cosa gran. Pots veure exemples i preus aqu\u00ed: <\/span><\/p>\n<p><span><\/span><\/p>\n<p><span><\/span><\/p>\n<p><span>\ud83d\udc49 <a href=\"https:\/\/www.lafactoriafotografica.barcelona\/ca\/orles\/\"><strong>orles escolars de fi de curs fetes amb afecte i professionalitat.<\/strong><\/a> <\/span><\/p>\n<h2><\/h2>\n<p>&nbsp;<\/p>\n<p>&nbsp;<\/p>\n<h1>Un record que dura per sempre: l&#8217;orla de final de curs<\/h1>\n<p><span>A m\u00e9s de totes aquestes activitats, un dels records m\u00e9s especials \u00e9s l&#8217; <strong>orla escolar<\/strong> . A La Factoria Fotogr\u00e0fica oferim orles: <\/span><\/p>\n<ul>\n<li>\n<p><span>infantils<\/span><\/p>\n<\/li>\n<li>\n<p><span>de prim\u00e0ria<\/span><\/p>\n<\/li>\n<li>\n<p><span>d&#8217;ESO i batxillerat<\/span><\/p>\n<\/li>\n<li>cicles formatius<span><\/span><\/li>\n<li>\n<p><span>universit\u00e0ries<\/span><\/p>\n<\/li>\n<li>\n<p><span>personalitzades i divertides<\/span><\/p>\n<\/li>\n<\/ul>\n<p><span>Amb m\u00e9s de 20 anys d&#8217;experi\u00e8ncia, realitzem sessions al mateix centre i dissenyem orles modernes, cl\u00e0ssiques o creatives segons all\u00f2 que necessiti cada escola.<\/span>\u00a0<\/p>\n<p>&nbsp;<\/p>\n<p><!-- \/divi:paragraph -->[\/et_pb_text][\/et_pb_column][\/et_pb_row][et_pb_row _builder_version=&#8221;4.25.0&#8243; _module_preset=&#8221;default&#8221; global_colors_info=&#8221;{}&#8221;][et_pb_column type=&#8221;4_4&#8243; _builder_version=&#8221;4.25.0&#8243; _module_preset=&#8221;default&#8221; global_colors_info=&#8221;{}&#8221;][et_pb_image src=&#8221;https:\/\/www.lafactoriafotografica.barcelona\/wp-content\/uploads\/2026\/03\/Captura-de-pantalla_22-3-2026_184026_www.google.com_.jpeg&#8221; alt=&#8221;orles prim\u00e0ria&#8221; title_text=&#8221;orles prim\u00e0ria&#8221; url=&#8221;https:\/\/www.lafactoriafotografica.barcelona\/ca\/orles\/&#8221; align=&#8221;center&#8221; force_fullwidth=&#8221;on&#8221; _builder_version=&#8221;4.27.0&#8243; _module_preset=&#8221;default&#8221; global_colors_info=&#8221;{}&#8221;][\/et_pb_image][\/et_pb_column][\/et_pb_row][\/et_pb_section][et_pb_section fb_built=&#8221;1&#8243; theme_builder_area=&#8221;post_content&#8221; _builder_version=&#8221;4.27.0&#8243; _module_preset=&#8221;default&#8221; da_is_popup=&#8221;off&#8221; da_exit_intent=&#8221;off&#8221; da_has_close=&#8221;on&#8221; da_alt_close=&#8221;off&#8221; da_dark_close=&#8221;off&#8221; da_not_modal=&#8221;on&#8221; da_is_singular=&#8221;off&#8221; da_with_loader=&#8221;off&#8221; da_has_shadow=&#8221;on&#8221; da_disable_devices=&#8221;off|off|off&#8221;][et_pb_row _builder_version=&#8221;4.27.0&#8243; _module_preset=&#8221;default&#8221; theme_builder_area=&#8221;post_content&#8221;][et_pb_column _builder_version=&#8221;4.27.0&#8243; _module_preset=&#8221;default&#8221; type=&#8221;4_4&#8243; theme_builder_area=&#8221;post_content&#8221;][et_pb_button button_text=&#8221;CONTACTE&#8221; _builder_version=&#8221;4.27.0&#8243; _module_preset=&#8221;default&#8221; theme_builder_area=&#8221;post_content&#8221; button_url=&#8221;https:\/\/www.lafactoriafotografica.barcelona\/ca\/contacte\/&#8221; hover_enabled=&#8221;0&#8243; sticky_enabled=&#8221;0&#8243; button_alignment=&#8221;center&#8221;][\/et_pb_button][\/et_pb_column][\/et_pb_row][\/et_pb_section][et_pb_section fb_built=&#8221;1&#8243; theme_builder_area=&#8221;post_content&#8221; _builder_version=&#8221;4.27.0&#8243; _module_preset=&#8221;default&#8221; da_is_popup=&#8221;off&#8221; da_exit_intent=&#8221;off&#8221; da_has_close=&#8221;on&#8221; da_alt_close=&#8221;off&#8221; da_dark_close=&#8221;off&#8221; da_not_modal=&#8221;on&#8221; da_is_singular=&#8221;off&#8221; da_with_loader=&#8221;off&#8221; da_has_shadow=&#8221;on&#8221; da_disable_devices=&#8221;off|off|off&#8221;][et_pb_row _builder_version=&#8221;4.27.0&#8243; _module_preset=&#8221;default&#8221; theme_builder_area=&#8221;post_content&#8221;][et_pb_column _builder_version=&#8221;4.27.0&#8243; _module_preset=&#8221;default&#8221; type=&#8221;4_4&#8243; theme_builder_area=&#8221;post_content&#8221;][et_pb_post_slider _builder_version=&#8221;4.27.0&#8243; _module_preset=&#8221;default&#8221; theme_builder_area=&#8221;post_content&#8221; posts_number=&#8221;3&#8243; hover_enabled=&#8221;0&#8243; sticky_enabled=&#8221;0&#8243;][\/et_pb_post_slider][\/et_pb_column][\/et_pb_row][\/et_pb_section]<\/p>\n","protected":false},"excerpt":{"rendered":"<p>Si cerques activitats originals per acomiadar el final de curs amb magnific\u00e8ncia, aqu\u00ed tens 20 propostes divertides, econ\u00f2miques i f\u00e0cils d&#8217;organitzar.<\/p>\n","protected":false},"author":1,"featured_media":29885,"comment_status":"closed","ping_status":"closed","sticky":false,"template":"","format":"standard","meta":{"_et_pb_use_builder":"on","_et_pb_old_content":"","_et_gb_content_width":"","_jetpack_memberships_contains_paid_content":false,"_joinchat":[],"footnotes":""},"categories":[143],"tags":[323],"class_list":["post-29674","post","type-post","status-publish","format-standard","has-post-thumbnail","hentry","category-sense-categoria","tag-primaria-ca"],"yoast_head":"<!-- This site is optimized with the Yoast SEO plugin v23.4 - https:\/\/yoast.com\/wordpress\/plugins\/seo\/ -->\n<title>Vols descobrir 20 idees divertides per acomiadar prim\u00e0ria?<\/title>\n<meta name=\"description\" content=\"Vols descobrir 20 idees divertides per acomiadar prim\u00e0ria? Activitats originals per acomiadar el final de curs, propostes divertides\" \/>\n<meta name=\"robots\" content=\"index, follow, max-snippet:-1, max-image-preview:large, max-video-preview:-1\" \/>\n<link rel=\"canonical\" href=\"https:\/\/www.lafactoriafotografica.barcelona\/ca\/ideas-primaria\/\" \/>\n<meta property=\"og:locale\" content=\"ca_ES\" \/>\n<meta property=\"og:type\" content=\"article\" \/>\n<meta property=\"og:title\" content=\"Vols descobrir 20 idees divertides per acomiadar prim\u00e0ria?\" \/>\n<meta property=\"og:description\" content=\"Vols descobrir 20 idees divertides per acomiadar prim\u00e0ria? Activitats originals per acomiadar el final de curs, propostes divertides\" \/>\n<meta property=\"og:url\" content=\"https:\/\/www.lafactoriafotografica.barcelona\/ca\/ideas-primaria\/\" \/>\n<meta property=\"og:site_name\" content=\"La Factoria Fotogr\u00e0fica\" \/>\n<meta property=\"article:publisher\" content=\"https:\/\/www.facebook.com\/lafactoriafotografica\" \/>\n<meta property=\"article:published_time\" content=\"2026-03-22T17:11:40+00:00\" \/>\n<meta property=\"article:modified_time\" content=\"2026-04-16T08:27:15+00:00\" \/>\n<meta property=\"og:image\" content=\"https:\/\/www.lafactoriafotografica.barcelona\/wp-content\/uploads\/2026\/03\/foto-escolar.jpg\" \/>\n\t<meta property=\"og:image:width\" content=\"1000\" \/>\n\t<meta property=\"og:image:height\" content=\"666\" \/>\n\t<meta property=\"og:image:type\" content=\"image\/jpeg\" \/>\n<meta name=\"author\" content=\"admin\" \/>\n<meta name=\"twitter:card\" content=\"summary_large_image\" \/>\n<meta name=\"twitter:label1\" content=\"Escrit per\" \/>\n\t<meta name=\"twitter:data1\" content=\"admin\" \/>\n\t<meta name=\"twitter:label2\" content=\"Temps estimat de lectura\" \/>\n\t<meta name=\"twitter:data2\" content=\"6 minuts\" \/>\n<script type=\"application\/ld+json\" class=\"yoast-schema-graph\">{\"@context\":\"https:\/\/schema.org\",\"@graph\":[{\"@type\":\"Article\",\"@id\":\"https:\/\/www.lafactoriafotografica.barcelona\/ca\/ideas-primaria\/#article\",\"isPartOf\":{\"@id\":\"https:\/\/www.lafactoriafotografica.barcelona\/ca\/ideas-primaria\/\"},\"author\":{\"name\":\"admin\",\"@id\":\"https:\/\/www.lafactoriafotografica.barcelona\/ca\/#\/schema\/person\/5fe4a8a061d91e970b44ff681ba35528\"},\"headline\":\"Vols descobrir 20 idees divertides per acomiadar prim\u00e0ria?\",\"datePublished\":\"2026-03-22T17:11:40+00:00\",\"dateModified\":\"2026-04-16T08:27:15+00:00\",\"mainEntityOfPage\":{\"@id\":\"https:\/\/www.lafactoriafotografica.barcelona\/ca\/ideas-primaria\/\"},\"wordCount\":1557,\"publisher\":{\"@id\":\"https:\/\/www.lafactoriafotografica.barcelona\/ca\/#organization\"},\"image\":{\"@id\":\"https:\/\/www.lafactoriafotografica.barcelona\/ca\/ideas-primaria\/#primaryimage\"},\"thumbnailUrl\":\"https:\/\/i0.wp.com\/www.lafactoriafotografica.barcelona\/wp-content\/uploads\/2026\/03\/foto-escolar.jpg?fit=1000%2C666&ssl=1\",\"keywords\":[\"Primaria\"],\"inLanguage\":\"ca\"},{\"@type\":\"WebPage\",\"@id\":\"https:\/\/www.lafactoriafotografica.barcelona\/ca\/ideas-primaria\/\",\"url\":\"https:\/\/www.lafactoriafotografica.barcelona\/ca\/ideas-primaria\/\",\"name\":\"Vols descobrir 20 idees divertides per acomiadar prim\u00e0ria?\",\"isPartOf\":{\"@id\":\"https:\/\/www.lafactoriafotografica.barcelona\/ca\/#website\"},\"primaryImageOfPage\":{\"@id\":\"https:\/\/www.lafactoriafotografica.barcelona\/ca\/ideas-primaria\/#primaryimage\"},\"image\":{\"@id\":\"https:\/\/www.lafactoriafotografica.barcelona\/ca\/ideas-primaria\/#primaryimage\"},\"thumbnailUrl\":\"https:\/\/i0.wp.com\/www.lafactoriafotografica.barcelona\/wp-content\/uploads\/2026\/03\/foto-escolar.jpg?fit=1000%2C666&ssl=1\",\"datePublished\":\"2026-03-22T17:11:40+00:00\",\"dateModified\":\"2026-04-16T08:27:15+00:00\",\"description\":\"Vols descobrir 20 idees divertides per acomiadar prim\u00e0ria? Activitats originals per acomiadar el final de curs, propostes divertides\",\"breadcrumb\":{\"@id\":\"https:\/\/www.lafactoriafotografica.barcelona\/ca\/ideas-primaria\/#breadcrumb\"},\"inLanguage\":\"ca\",\"potentialAction\":[{\"@type\":\"ReadAction\",\"target\":[\"https:\/\/www.lafactoriafotografica.barcelona\/ca\/ideas-primaria\/\"]}]},{\"@type\":\"ImageObject\",\"inLanguage\":\"ca\",\"@id\":\"https:\/\/www.lafactoriafotografica.barcelona\/ca\/ideas-primaria\/#primaryimage\",\"url\":\"https:\/\/i0.wp.com\/www.lafactoriafotografica.barcelona\/wp-content\/uploads\/2026\/03\/foto-escolar.jpg?fit=1000%2C666&ssl=1\",\"contentUrl\":\"https:\/\/i0.wp.com\/www.lafactoriafotografica.barcelona\/wp-content\/uploads\/2026\/03\/foto-escolar.jpg?fit=1000%2C666&ssl=1\",\"width\":1000,\"height\":666,\"caption\":\"foto-escolar\"},{\"@type\":\"BreadcrumbList\",\"@id\":\"https:\/\/www.lafactoriafotografica.barcelona\/ca\/ideas-primaria\/#breadcrumb\",\"itemListElement\":[{\"@type\":\"ListItem\",\"position\":1,\"name\":\"Inici\",\"item\":\"https:\/\/www.lafactoriafotografica.barcelona\/ca\/\"},{\"@type\":\"ListItem\",\"position\":2,\"name\":\"Vols descobrir 20 idees divertides per acomiadar prim\u00e0ria?\"}]},{\"@type\":\"WebSite\",\"@id\":\"https:\/\/www.lafactoriafotografica.barcelona\/ca\/#website\",\"url\":\"https:\/\/www.lafactoriafotografica.barcelona\/ca\/\",\"name\":\"La Factoria Fotogr\u00e1fica\",\"description\":\"Fotograf\u00eda escolar y deportiva en Barcelona | Presentaciones  clubs futbol y Orlas de graduacion\",\"publisher\":{\"@id\":\"https:\/\/www.lafactoriafotografica.barcelona\/ca\/#organization\"},\"potentialAction\":[{\"@type\":\"SearchAction\",\"target\":{\"@type\":\"EntryPoint\",\"urlTemplate\":\"https:\/\/www.lafactoriafotografica.barcelona\/ca\/?s={search_term_string}\"},\"query-input\":{\"@type\":\"PropertyValueSpecification\",\"valueRequired\":true,\"valueName\":\"search_term_string\"}}],\"inLanguage\":\"ca\"},{\"@type\":\"Organization\",\"@id\":\"https:\/\/www.lafactoriafotografica.barcelona\/ca\/#organization\",\"name\":\"La Factoria Fotogr\u00e0fica\",\"url\":\"https:\/\/www.lafactoriafotografica.barcelona\/ca\/\",\"logo\":{\"@type\":\"ImageObject\",\"inLanguage\":\"ca\",\"@id\":\"https:\/\/www.lafactoriafotografica.barcelona\/ca\/#\/schema\/logo\/image\/\",\"url\":\"https:\/\/www.lafactoriafotografica.barcelona\/wp-content\/uploads\/2022\/03\/factoria-fotografica.png\",\"contentUrl\":\"https:\/\/www.lafactoriafotografica.barcelona\/wp-content\/uploads\/2022\/03\/factoria-fotografica.png\",\"width\":851,\"height\":227,\"caption\":\"La Factoria Fotogr\u00e0fica\"},\"image\":{\"@id\":\"https:\/\/www.lafactoriafotografica.barcelona\/ca\/#\/schema\/logo\/image\/\"},\"sameAs\":[\"https:\/\/www.facebook.com\/lafactoriafotografica\",\"https:\/\/www.instagram.com\/lafactoriafotografica\/\",\"https:\/\/es.linkedin.com\/company\/la-factoria-fotografica\",\"https:\/\/www.youtube.com\/channel\/UC-WHDfk0IhgW0S6X9TxKJYA\"]},{\"@type\":\"Person\",\"@id\":\"https:\/\/www.lafactoriafotografica.barcelona\/ca\/#\/schema\/person\/5fe4a8a061d91e970b44ff681ba35528\",\"name\":\"admin\",\"image\":{\"@type\":\"ImageObject\",\"inLanguage\":\"ca\",\"@id\":\"https:\/\/www.lafactoriafotografica.barcelona\/ca\/#\/schema\/person\/image\/\",\"url\":\"https:\/\/secure.gravatar.com\/avatar\/1227c9ce8628492b48af3b0e7762525e?s=96&d=mm&r=g\",\"contentUrl\":\"https:\/\/secure.gravatar.com\/avatar\/1227c9ce8628492b48af3b0e7762525e?s=96&d=mm&r=g\",\"caption\":\"admin\"}}]}<\/script>\n<!-- \/ Yoast SEO plugin. -->","yoast_head_json":{"title":"Vols descobrir 20 idees divertides per acomiadar prim\u00e0ria?","description":"Vols descobrir 20 idees divertides per acomiadar prim\u00e0ria? Activitats originals per acomiadar el final de curs, propostes divertides","robots":{"index":"index","follow":"follow","max-snippet":"max-snippet:-1","max-image-preview":"max-image-preview:large","max-video-preview":"max-video-preview:-1"},"canonical":"https:\/\/www.lafactoriafotografica.barcelona\/ca\/ideas-primaria\/","og_locale":"ca_ES","og_type":"article","og_title":"Vols descobrir 20 idees divertides per acomiadar prim\u00e0ria?","og_description":"Vols descobrir 20 idees divertides per acomiadar prim\u00e0ria? Activitats originals per acomiadar el final de curs, propostes divertides","og_url":"https:\/\/www.lafactoriafotografica.barcelona\/ca\/ideas-primaria\/","og_site_name":"La Factoria Fotogr\u00e0fica","article_publisher":"https:\/\/www.facebook.com\/lafactoriafotografica","article_published_time":"2026-03-22T17:11:40+00:00","article_modified_time":"2026-04-16T08:27:15+00:00","og_image":[{"width":1000,"height":666,"url":"https:\/\/www.lafactoriafotografica.barcelona\/wp-content\/uploads\/2026\/03\/foto-escolar.jpg","type":"image\/jpeg"}],"author":"admin","twitter_card":"summary_large_image","twitter_misc":{"Escrit per":"admin","Temps estimat de lectura":"6 minuts"},"schema":{"@context":"https:\/\/schema.org","@graph":[{"@type":"Article","@id":"https:\/\/www.lafactoriafotografica.barcelona\/ca\/ideas-primaria\/#article","isPartOf":{"@id":"https:\/\/www.lafactoriafotografica.barcelona\/ca\/ideas-primaria\/"},"author":{"name":"admin","@id":"https:\/\/www.lafactoriafotografica.barcelona\/ca\/#\/schema\/person\/5fe4a8a061d91e970b44ff681ba35528"},"headline":"Vols descobrir 20 idees divertides per acomiadar prim\u00e0ria?","datePublished":"2026-03-22T17:11:40+00:00","dateModified":"2026-04-16T08:27:15+00:00","mainEntityOfPage":{"@id":"https:\/\/www.lafactoriafotografica.barcelona\/ca\/ideas-primaria\/"},"wordCount":1557,"publisher":{"@id":"https:\/\/www.lafactoriafotografica.barcelona\/ca\/#organization"},"image":{"@id":"https:\/\/www.lafactoriafotografica.barcelona\/ca\/ideas-primaria\/#primaryimage"},"thumbnailUrl":"https:\/\/i0.wp.com\/www.lafactoriafotografica.barcelona\/wp-content\/uploads\/2026\/03\/foto-escolar.jpg?fit=1000%2C666&ssl=1","keywords":["Primaria"],"inLanguage":"ca"},{"@type":"WebPage","@id":"https:\/\/www.lafactoriafotografica.barcelona\/ca\/ideas-primaria\/","url":"https:\/\/www.lafactoriafotografica.barcelona\/ca\/ideas-primaria\/","name":"Vols descobrir 20 idees divertides per acomiadar prim\u00e0ria?","isPartOf":{"@id":"https:\/\/www.lafactoriafotografica.barcelona\/ca\/#website"},"primaryImageOfPage":{"@id":"https:\/\/www.lafactoriafotografica.barcelona\/ca\/ideas-primaria\/#primaryimage"},"image":{"@id":"https:\/\/www.lafactoriafotografica.barcelona\/ca\/ideas-primaria\/#primaryimage"},"thumbnailUrl":"https:\/\/i0.wp.com\/www.lafactoriafotografica.barcelona\/wp-content\/uploads\/2026\/03\/foto-escolar.jpg?fit=1000%2C666&ssl=1","datePublished":"2026-03-22T17:11:40+00:00","dateModified":"2026-04-16T08:27:15+00:00","description":"Vols descobrir 20 idees divertides per acomiadar prim\u00e0ria? Activitats originals per acomiadar el final de curs, propostes divertides","breadcrumb":{"@id":"https:\/\/www.lafactoriafotografica.barcelona\/ca\/ideas-primaria\/#breadcrumb"},"inLanguage":"ca","potentialAction":[{"@type":"ReadAction","target":["https:\/\/www.lafactoriafotografica.barcelona\/ca\/ideas-primaria\/"]}]},{"@type":"ImageObject","inLanguage":"ca","@id":"https:\/\/www.lafactoriafotografica.barcelona\/ca\/ideas-primaria\/#primaryimage","url":"https:\/\/i0.wp.com\/www.lafactoriafotografica.barcelona\/wp-content\/uploads\/2026\/03\/foto-escolar.jpg?fit=1000%2C666&ssl=1","contentUrl":"https:\/\/i0.wp.com\/www.lafactoriafotografica.barcelona\/wp-content\/uploads\/2026\/03\/foto-escolar.jpg?fit=1000%2C666&ssl=1","width":1000,"height":666,"caption":"foto-escolar"},{"@type":"BreadcrumbList","@id":"https:\/\/www.lafactoriafotografica.barcelona\/ca\/ideas-primaria\/#breadcrumb","itemListElement":[{"@type":"ListItem","position":1,"name":"Inici","item":"https:\/\/www.lafactoriafotografica.barcelona\/ca\/"},{"@type":"ListItem","position":2,"name":"Vols descobrir 20 idees divertides per acomiadar prim\u00e0ria?"}]},{"@type":"WebSite","@id":"https:\/\/www.lafactoriafotografica.barcelona\/ca\/#website","url":"https:\/\/www.lafactoriafotografica.barcelona\/ca\/","name":"La Factoria Fotogr\u00e1fica","description":"Fotograf\u00eda escolar y deportiva en Barcelona | Presentaciones  clubs futbol y Orlas de graduacion","publisher":{"@id":"https:\/\/www.lafactoriafotografica.barcelona\/ca\/#organization"},"potentialAction":[{"@type":"SearchAction","target":{"@type":"EntryPoint","urlTemplate":"https:\/\/www.lafactoriafotografica.barcelona\/ca\/?s={search_term_string}"},"query-input":{"@type":"PropertyValueSpecification","valueRequired":true,"valueName":"search_term_string"}}],"inLanguage":"ca"},{"@type":"Organization","@id":"https:\/\/www.lafactoriafotografica.barcelona\/ca\/#organization","name":"La Factoria Fotogr\u00e0fica","url":"https:\/\/www.lafactoriafotografica.barcelona\/ca\/","logo":{"@type":"ImageObject","inLanguage":"ca","@id":"https:\/\/www.lafactoriafotografica.barcelona\/ca\/#\/schema\/logo\/image\/","url":"https:\/\/www.lafactoriafotografica.barcelona\/wp-content\/uploads\/2022\/03\/factoria-fotografica.png","contentUrl":"https:\/\/www.lafactoriafotografica.barcelona\/wp-content\/uploads\/2022\/03\/factoria-fotografica.png","width":851,"height":227,"caption":"La Factoria Fotogr\u00e0fica"},"image":{"@id":"https:\/\/www.lafactoriafotografica.barcelona\/ca\/#\/schema\/logo\/image\/"},"sameAs":["https:\/\/www.facebook.com\/lafactoriafotografica","https:\/\/www.instagram.com\/lafactoriafotografica\/","https:\/\/es.linkedin.com\/company\/la-factoria-fotografica","https:\/\/www.youtube.com\/channel\/UC-WHDfk0IhgW0S6X9TxKJYA"]},{"@type":"Person","@id":"https:\/\/www.lafactoriafotografica.barcelona\/ca\/#\/schema\/person\/5fe4a8a061d91e970b44ff681ba35528","name":"admin","image":{"@type":"ImageObject","inLanguage":"ca","@id":"https:\/\/www.lafactoriafotografica.barcelona\/ca\/#\/schema\/person\/image\/","url":"https:\/\/secure.gravatar.com\/avatar\/1227c9ce8628492b48af3b0e7762525e?s=96&d=mm&r=g","contentUrl":"https:\/\/secure.gravatar.com\/avatar\/1227c9ce8628492b48af3b0e7762525e?s=96&d=mm&r=g","caption":"admin"}}]}},"jetpack_sharing_enabled":true,"jetpack_featured_media_url":"https:\/\/i0.wp.com\/www.lafactoriafotografica.barcelona\/wp-content\/uploads\/2026\/03\/foto-escolar.jpg?fit=1000%2C666&ssl=1","_links":{"self":[{"href":"https:\/\/www.lafactoriafotografica.barcelona\/ca\/wp-json\/wp\/v2\/posts\/29674"}],"collection":[{"href":"https:\/\/www.lafactoriafotografica.barcelona\/ca\/wp-json\/wp\/v2\/posts"}],"about":[{"href":"https:\/\/www.lafactoriafotografica.barcelona\/ca\/wp-json\/wp\/v2\/types\/post"}],"author":[{"embeddable":true,"href":"https:\/\/www.lafactoriafotografica.barcelona\/ca\/wp-json\/wp\/v2\/users\/1"}],"replies":[{"embeddable":true,"href":"https:\/\/www.lafactoriafotografica.barcelona\/ca\/wp-json\/wp\/v2\/comments?post=29674"}],"version-history":[{"count":6,"href":"https:\/\/www.lafactoriafotografica.barcelona\/ca\/wp-json\/wp\/v2\/posts\/29674\/revisions"}],"predecessor-version":[{"id":29901,"href":"https:\/\/www.lafactoriafotografica.barcelona\/ca\/wp-json\/wp\/v2\/posts\/29674\/revisions\/29901"}],"wp:featuredmedia":[{"embeddable":true,"href":"https:\/\/www.lafactoriafotografica.barcelona\/ca\/wp-json\/wp\/v2\/media\/29885"}],"wp:attachment":[{"href":"https:\/\/www.lafactoriafotografica.barcelona\/ca\/wp-json\/wp\/v2\/media?parent=29674"}],"wp:term":[{"taxonomy":"category","embeddable":true,"href":"https:\/\/www.lafactoriafotografica.barcelona\/ca\/wp-json\/wp\/v2\/categories?post=29674"},{"taxonomy":"post_tag","embeddable":true,"href":"https:\/\/www.lafactoriafotografica.barcelona\/ca\/wp-json\/wp\/v2\/tags?post=29674"}],"curies":[{"name":"wp","href":"https:\/\/api.w.org\/{rel}","templated":true}]}}