{"id":29731,"date":"2026-04-01T08:02:54","date_gmt":"2026-04-01T06:02:54","guid":{"rendered":"https:\/\/www.lafactoriafotografica.barcelona\/com-escollir-un-proveidor-de-fotografia-escolar-per-al-teu-centre\/"},"modified":"2026-04-16T10:20:50","modified_gmt":"2026-04-16T08:20:50","slug":"com-escollir-un-proveidor-de-fotografia-escolar-per-al-teu-centre","status":"publish","type":"post","link":"https:\/\/www.lafactoriafotografica.barcelona\/ca\/com-escollir-un-proveidor-de-fotografia-escolar-per-al-teu-centre\/","title":{"rendered":"Com escollir un prove\u00efdor de fotografia escolar per al teu centre?"},"content":{"rendered":"<p>[et_pb_section fb_built=&#8221;1&#8243; _builder_version=&#8221;4.27.0&#8243; _module_preset=&#8221;default&#8221; da_disable_devices=&#8221;off|off|off&#8221; global_colors_info=&#8221;{}&#8221; da_is_popup=&#8221;off&#8221; da_exit_intent=&#8221;off&#8221; da_has_close=&#8221;on&#8221; da_alt_close=&#8221;off&#8221; da_dark_close=&#8221;off&#8221; da_not_modal=&#8221;on&#8221; da_is_singular=&#8221;off&#8221; da_with_loader=&#8221;off&#8221; da_has_shadow=&#8221;on&#8221;][et_pb_row _builder_version=&#8221;4.27.0&#8243; _module_preset=&#8221;default&#8221; global_colors_info=&#8221;{}&#8221;][et_pb_column type=&#8221;4_4&#8243; _builder_version=&#8221;4.27.0&#8243; _module_preset=&#8221;default&#8221; global_colors_info=&#8221;{}&#8221;][et_pb_text _builder_version=&#8221;4.27.0&#8243; _module_preset=&#8221;default&#8221; global_colors_info=&#8221;{}&#8221;]<\/p>\n<h2><strong><\/strong><\/h2>\n<h2><strong>Com triar un prove\u00efdor de fotografia escolar per al teu centre:<\/strong><br \/><strong>Guia completa per a escoles i AMPAs<\/strong><\/h2>\n<p>Escollir un prove\u00efdor de fotografia escolar no \u00e9s una decisi\u00f3 menor. L&#8217;equip que entri al teu centre ser\u00e0 responsable de capturar records que les fam\u00edlies conservaran durant anys, per\u00f2 tamb\u00e9 de gestionar temps, log\u00edstica, protecci\u00f3 de dades i la imatge p\u00fablica del col\u00b7legi. Un bon prove\u00efdor facilita la feina del professorat, redueix l&#8217;estr\u00e8s del dia de la sessi\u00f3 i ofereix a les fam\u00edlies una experi\u00e8ncia clara i professional.<\/p>\n<p>Aquesta guia us ajudar\u00e0 a avaluar opcions i prendre la millor decisi\u00f3 per al vostre centre.<\/p>\n<p>&nbsp;<\/p>\n<h3><strong>1. Prioritza prove\u00efdors especialitzats en fotografia escolar<\/strong><\/h3>\n<p>La fotografia escolar t\u00e9 din\u00e0miques pr\u00f2pies: grups grans, nens de diferents edats, temps ajustats i necessitat de mantenir un ambient tranquil. Un fot\u00f2graf generalista pot fer bones fotos, per\u00f2 un equip especialitzat sap:<\/p>\n<ul>\n<li>Organitzar fluxos dalumnes sense interrompre classes.<\/li>\n<li>Treballar amb nens t\u00edmids, inquiets o amb necessitats espec\u00edfiques.<\/li>\n<li>Mantenir consist\u00e8ncia en il\u00b7luminaci\u00f3 i estil durant tota la jornada.<\/li>\n<li>Resoldre imprevistos sense afectar el ritme del centre.<\/li>\n<li>Senyal de qualitat: que et puguin mostrar campanyes completes d&#8217;altres escoles, no nom\u00e9s fotos soltes.<\/li>\n<\/ul>\n<p>&nbsp;<\/p>\n<h3><strong>2. Avalua la qualitat fotogr\u00e0fica i l&#8217;estil visual<\/strong><\/h3>\n<p>Cada centre t\u00e9 una identitat pr\u00f2pia i les fotos han de reflectir-la. Revisa:<\/p>\n<ul>\n<li>Nitidesa i coher\u00e8ncia entre grups i cursos.<\/li>\n<li>Il\u00b7luminaci\u00f3 professional, sense ombres dures ni colors estranys.<\/li>\n<li>Expressions naturals, sense poses for\u00e7ades.<\/li>\n<li>Fons adequats: nets, neutres o tem\u00e0tics segons ledat.<\/li>\n<li>Demana veure galeries completes, no nom\u00e9s les millors fotos.<\/li>\n<\/ul>\n<p>&nbsp;<\/p>\n<p>&nbsp;<\/p>\n<h3><strong>3. Comproveu l&#8217;organitzaci\u00f3 i la log\u00edstica del dia de la sessi\u00f3<\/strong><\/h3>\n<p>Una bona sessi\u00f3 de fotografia escolar es nota a l&#8217;organitzaci\u00f3. El prove\u00efdor ha d&#8217;oferir:<\/p>\n<ul>\n<li>Planificaci\u00f3 per grups i horaris.<\/li>\n<li>Coordinaci\u00f3 directa amb tutors i adre\u00e7a.<\/li>\n<li>Equip suficient per evitar retards.<\/li>\n<li>Alternatives si es fan fotos a l&#8217;exterior i plou.<\/li>\n<li>Muntatge i desmuntatge r\u00e0pid sense interferir al centre.<\/li>\n<li>Un prove\u00efdor professional redueix la feina del professorat, no ho augmenta.<\/li>\n<\/ul>\n<p>&nbsp;<\/p>\n<p>&nbsp;<\/p>\n<h3><strong>4. Facilitats per a les fam\u00edlies: compra senzilla i atenci\u00f3 real<\/strong><\/h3>\n<p>Avui les fam\u00edlies cerquen processos r\u00e0pids i digitals. Valora si el prove\u00efdor ofereix:<\/p>\n<ul>\n<li>Compra en l\u00ednia clara i sense complicacions.<\/li>\n<li>Packs flexibles per a tots els pressupostos.<\/li>\n<li>Lliurament r\u00e0pid i opcions de desc\u00e0rrega digital.<\/li>\n<li>Atenci\u00f3 al client propera i resolutiva.Una bona experi\u00e8ncia familiar millora la percepci\u00f3 del centre.<\/li>\n<\/ul>\n<p>&nbsp;<\/p>\n<h3><strong>5. Compliment estricte de la protecci\u00f3 de dades (LOPD \/ RGPD)<\/strong><\/h3>\n<p>Aquest punt \u00e9s imprescindible. El prove\u00efdor ha de garantir:<\/p>\n<ul>\n<li>Consentiments informats i actualitzats.<\/li>\n<li>Acc\u00e9s privat i xifrat a les galeries.<\/li>\n<li>Servidors segurs dins de la UE.<\/li>\n<li>Eliminaci\u00f3 d&#8217;imatges segons la normativa.<\/li>\n<li>Privacitat de tractament de dades.<\/li>\n<li>Si no podeu explicar el vostre protocol de protecci\u00f3 de dades, descarteu-los.<\/li>\n<\/ul>\n<p>&nbsp;<\/p>\n<p>&nbsp;<\/p>\n<h3><strong>6. Relaci\u00f3 qualitat\u2013preu transparent<\/strong><\/h3>\n<p>No es tracta d&#8217;escollir all\u00f2 m\u00e9s barat, sin\u00f3 all\u00f2 m\u00e9s equilibrat. Compara:<\/p>\n<ul>\n<li>Qu\u00e8 inclou cada pack.<\/li>\n<li>Si hi ha costos ocults.<\/li>\n<li>Si ofereixen beneficis per al centre (fotos per a web, material, etc.).<\/li>\n<li>Si les fam\u00edlies poden triar entre diverses opcions sense pressi\u00f3.<\/li>\n<li>La transpar\u00e8ncia genera confian\u00e7a.<\/li>\n<\/ul>\n<p>&nbsp;<\/p>\n<p>&nbsp;<\/p>\n<h3><strong>7. Tracte hum\u00e0 i sensibilitat amb els nens<\/strong><\/h3>\n<p>La fotografia escolar no \u00e9s nom\u00e9s t\u00e8cnica: \u00e9s empatia. L&#8217;equip ha de saber:<\/p>\n<ul>\n<li>Crear un ambient relaxat.<\/li>\n<li>Respectar ritmes i personalitats.<\/li>\n<li>Fer que cada nen se senti c\u00f2mode.<\/li>\n<li>Treballar amb diversitat i necessitats especials.<\/li>\n<li>Un bon fot\u00f2graf escolar no for\u00e7a somriures: els provoca.<\/li>\n<\/ul>\n<p>&nbsp;<\/p>\n<h3><strong>Conclusi\u00f3: el millor prove\u00efdor \u00e9s el que combina t\u00e8cnica, organitzaci\u00f3 i humanitat<\/strong><\/h3>\n<p>La fotografia escolar \u00e9s un servei que impacta al centre, a les fam\u00edlies ia la mem\u00f2ria emocional dels alumnes. Escollir b\u00e9 significa apostar per:<\/p>\n<ul>\n<li>Professionalitat<\/li>\n<li>Seguretat<\/li>\n<li>Qualitat visualBona organitzaci\u00f3<\/li>\n<li>Tracte hum\u00e0<\/li>\n<\/ul>\n<p>Si el teu centre busca un prove\u00efdor especialitzat en fotografia escolar a Barcelona, \u200b\u200bamb un enfocament proper, professional, et puc ajudar.<\/p>\n<p>[\/et_pb_text][\/et_pb_column][\/et_pb_row][et_pb_row _builder_version=&#8221;4.27.0&#8243; _module_preset=&#8221;default&#8221; global_colors_info=&#8221;{}&#8221;][et_pb_column type=&#8221;4_4&#8243; _builder_version=&#8221;4.27.0&#8243; _module_preset=&#8221;default&#8221; global_colors_info=&#8221;{}&#8221;][et_pb_button button_url=&#8221;https:\/\/www.lafactoriafotografica.barcelona\/ca\/contacte\/&#8221; button_text=&#8221;CONTACTE&#8221; button_alignment=&#8221;center&#8221; _builder_version=&#8221;4.27.0&#8243; _module_preset=&#8221;default&#8221; global_colors_info=&#8221;{}&#8221;][\/et_pb_button][\/et_pb_column][\/et_pb_row][\/et_pb_section][et_pb_section fb_built=&#8221;1&#8243; _builder_version=&#8221;4.27.0&#8243; _module_preset=&#8221;default&#8221; da_disable_devices=&#8221;off|off|off&#8221; global_colors_info=&#8221;{}&#8221; da_is_popup=&#8221;off&#8221; da_exit_intent=&#8221;off&#8221; da_has_close=&#8221;on&#8221; da_alt_close=&#8221;off&#8221; da_dark_close=&#8221;off&#8221; da_not_modal=&#8221;on&#8221; da_is_singular=&#8221;off&#8221; da_with_loader=&#8221;off&#8221; da_has_shadow=&#8221;on&#8221;][et_pb_row _builder_version=&#8221;4.27.0&#8243; _module_preset=&#8221;default&#8221; global_colors_info=&#8221;{}&#8221;][et_pb_column type=&#8221;4_4&#8243; _builder_version=&#8221;4.27.0&#8243; _module_preset=&#8221;default&#8221; global_colors_info=&#8221;{}&#8221;][et_pb_post_slider include_categories=&#8221;all&#8221; _builder_version=&#8221;4.27.0&#8243; _module_preset=&#8221;default&#8221; hover_enabled=&#8221;0&#8243; global_colors_info=&#8221;{}&#8221; posts_number=&#8221;3&#8243; sticky_enabled=&#8221;0&#8243;][\/et_pb_post_slider][\/et_pb_column][\/et_pb_row][\/et_pb_section]<\/p>\n","protected":false},"excerpt":{"rendered":"<p>Com triar un prove\u00efdor de fotografia escolar per al teu centre:Guia completa per a escoles i AMPAs Escollir un prove\u00efdor de fotografia escolar no \u00e9s una decisi\u00f3 menor. L&#8217;equip que entri al teu centre ser\u00e0 responsable de capturar records que les fam\u00edlies conservaran durant anys, per\u00f2 tamb\u00e9 de gestionar temps, log\u00edstica, protecci\u00f3 de dades i [&hellip;]<\/p>\n","protected":false},"author":1,"featured_media":29880,"comment_status":"closed","ping_status":"closed","sticky":false,"template":"","format":"standard","meta":{"_et_pb_use_builder":"on","_et_pb_old_content":"","_et_gb_content_width":"","_jetpack_memberships_contains_paid_content":false,"_joinchat":[],"footnotes":""},"categories":[143],"tags":[],"class_list":["post-29731","post","type-post","status-publish","format-standard","has-post-thumbnail","hentry","category-sense-categoria"],"yoast_head":"<!-- This site is optimized with the Yoast SEO plugin v23.4 - https:\/\/yoast.com\/wordpress\/plugins\/seo\/ -->\n<title>Orles escolars a Barcelona | Fotografia professional per a escoles<\/title>\n<meta name=\"description\" content=\"Orles escolars a Barcelona amb qualitat professional. Disseny personalitzat, fotografia escolar experta i entrega puntual per a promocions 2026. Sol\u00b7licita informaci\u00f3.\" \/>\n<meta name=\"robots\" content=\"index, follow, max-snippet:-1, max-image-preview:large, max-video-preview:-1\" \/>\n<link rel=\"canonical\" href=\"https:\/\/www.lafactoriafotografica.barcelona\/ca\/com-escollir-un-proveidor-de-fotografia-escolar-per-al-teu-centre\/\" \/>\n<meta property=\"og:locale\" content=\"ca_ES\" \/>\n<meta property=\"og:type\" content=\"article\" \/>\n<meta property=\"og:title\" content=\"Orles escolars a Barcelona | Fotografia professional per a escoles\" \/>\n<meta property=\"og:description\" content=\"Orles escolars a Barcelona amb qualitat professional. Disseny personalitzat, fotografia escolar experta i entrega puntual per a promocions 2026. Sol\u00b7licita informaci\u00f3.\" \/>\n<meta property=\"og:url\" content=\"https:\/\/www.lafactoriafotografica.barcelona\/ca\/com-escollir-un-proveidor-de-fotografia-escolar-per-al-teu-centre\/\" \/>\n<meta property=\"og:site_name\" content=\"La Factoria Fotogr\u00e0fica\" \/>\n<meta property=\"article:publisher\" content=\"https:\/\/www.facebook.com\/lafactoriafotografica\" \/>\n<meta property=\"article:published_time\" content=\"2026-04-01T06:02:54+00:00\" \/>\n<meta property=\"article:modified_time\" content=\"2026-04-16T08:20:50+00:00\" \/>\n<meta property=\"og:image\" content=\"https:\/\/www.lafactoriafotografica.barcelona\/wp-content\/uploads\/2026\/02\/proveedor-fotografo-3.jpg\" \/>\n\t<meta property=\"og:image:width\" content=\"1000\" \/>\n\t<meta property=\"og:image:height\" content=\"666\" \/>\n\t<meta property=\"og:image:type\" content=\"image\/jpeg\" \/>\n<meta name=\"author\" content=\"admin\" \/>\n<meta name=\"twitter:card\" content=\"summary_large_image\" \/>\n<meta name=\"twitter:label1\" content=\"Escrit per\" \/>\n\t<meta name=\"twitter:data1\" content=\"admin\" \/>\n\t<meta name=\"twitter:label2\" content=\"Temps estimat de lectura\" \/>\n\t<meta name=\"twitter:data2\" content=\"1 minut\" \/>\n<script type=\"application\/ld+json\" class=\"yoast-schema-graph\">{\"@context\":\"https:\/\/schema.org\",\"@graph\":[{\"@type\":\"Article\",\"@id\":\"https:\/\/www.lafactoriafotografica.barcelona\/ca\/com-escollir-un-proveidor-de-fotografia-escolar-per-al-teu-centre\/#article\",\"isPartOf\":{\"@id\":\"https:\/\/www.lafactoriafotografica.barcelona\/ca\/com-escollir-un-proveidor-de-fotografia-escolar-per-al-teu-centre\/\"},\"author\":{\"name\":\"admin\",\"@id\":\"https:\/\/www.lafactoriafotografica.barcelona\/ca\/#\/schema\/person\/5fe4a8a061d91e970b44ff681ba35528\"},\"headline\":\"Com escollir un prove\u00efdor de fotografia escolar per al teu centre?\",\"datePublished\":\"2026-04-01T06:02:54+00:00\",\"dateModified\":\"2026-04-16T08:20:50+00:00\",\"mainEntityOfPage\":{\"@id\":\"https:\/\/www.lafactoriafotografica.barcelona\/ca\/com-escollir-un-proveidor-de-fotografia-escolar-per-al-teu-centre\/\"},\"wordCount\":956,\"publisher\":{\"@id\":\"https:\/\/www.lafactoriafotografica.barcelona\/ca\/#organization\"},\"image\":{\"@id\":\"https:\/\/www.lafactoriafotografica.barcelona\/ca\/com-escollir-un-proveidor-de-fotografia-escolar-per-al-teu-centre\/#primaryimage\"},\"thumbnailUrl\":\"https:\/\/i0.wp.com\/www.lafactoriafotografica.barcelona\/wp-content\/uploads\/2026\/02\/proveedor-fotografo-3.jpg?fit=1000%2C666&ssl=1\",\"inLanguage\":\"ca\"},{\"@type\":\"WebPage\",\"@id\":\"https:\/\/www.lafactoriafotografica.barcelona\/ca\/com-escollir-un-proveidor-de-fotografia-escolar-per-al-teu-centre\/\",\"url\":\"https:\/\/www.lafactoriafotografica.barcelona\/ca\/com-escollir-un-proveidor-de-fotografia-escolar-per-al-teu-centre\/\",\"name\":\"Orles escolars a Barcelona | Fotografia professional per a escoles\",\"isPartOf\":{\"@id\":\"https:\/\/www.lafactoriafotografica.barcelona\/ca\/#website\"},\"primaryImageOfPage\":{\"@id\":\"https:\/\/www.lafactoriafotografica.barcelona\/ca\/com-escollir-un-proveidor-de-fotografia-escolar-per-al-teu-centre\/#primaryimage\"},\"image\":{\"@id\":\"https:\/\/www.lafactoriafotografica.barcelona\/ca\/com-escollir-un-proveidor-de-fotografia-escolar-per-al-teu-centre\/#primaryimage\"},\"thumbnailUrl\":\"https:\/\/i0.wp.com\/www.lafactoriafotografica.barcelona\/wp-content\/uploads\/2026\/02\/proveedor-fotografo-3.jpg?fit=1000%2C666&ssl=1\",\"datePublished\":\"2026-04-01T06:02:54+00:00\",\"dateModified\":\"2026-04-16T08:20:50+00:00\",\"description\":\"Orles escolars a Barcelona amb qualitat professional. Disseny personalitzat, fotografia escolar experta i entrega puntual per a promocions 2026. Sol\u00b7licita informaci\u00f3.\",\"breadcrumb\":{\"@id\":\"https:\/\/www.lafactoriafotografica.barcelona\/ca\/com-escollir-un-proveidor-de-fotografia-escolar-per-al-teu-centre\/#breadcrumb\"},\"inLanguage\":\"ca\",\"potentialAction\":[{\"@type\":\"ReadAction\",\"target\":[\"https:\/\/www.lafactoriafotografica.barcelona\/ca\/com-escollir-un-proveidor-de-fotografia-escolar-per-al-teu-centre\/\"]}]},{\"@type\":\"ImageObject\",\"inLanguage\":\"ca\",\"@id\":\"https:\/\/www.lafactoriafotografica.barcelona\/ca\/com-escollir-un-proveidor-de-fotografia-escolar-per-al-teu-centre\/#primaryimage\",\"url\":\"https:\/\/i0.wp.com\/www.lafactoriafotografica.barcelona\/wp-content\/uploads\/2026\/02\/proveedor-fotografo-3.jpg?fit=1000%2C666&ssl=1\",\"contentUrl\":\"https:\/\/i0.wp.com\/www.lafactoriafotografica.barcelona\/wp-content\/uploads\/2026\/02\/proveedor-fotografo-3.jpg?fit=1000%2C666&ssl=1\",\"width\":1000,\"height\":666,\"caption\":\"proveedor-fotografo-3\"},{\"@type\":\"BreadcrumbList\",\"@id\":\"https:\/\/www.lafactoriafotografica.barcelona\/ca\/com-escollir-un-proveidor-de-fotografia-escolar-per-al-teu-centre\/#breadcrumb\",\"itemListElement\":[{\"@type\":\"ListItem\",\"position\":1,\"name\":\"Inici\",\"item\":\"https:\/\/www.lafactoriafotografica.barcelona\/ca\/\"},{\"@type\":\"ListItem\",\"position\":2,\"name\":\"Com escollir un prove\u00efdor de fotografia escolar per al teu centre?\"}]},{\"@type\":\"WebSite\",\"@id\":\"https:\/\/www.lafactoriafotografica.barcelona\/ca\/#website\",\"url\":\"https:\/\/www.lafactoriafotografica.barcelona\/ca\/\",\"name\":\"La Factoria Fotogr\u00e1fica\",\"description\":\"Fotograf\u00eda escolar y deportiva en Barcelona | Presentaciones  clubs futbol y Orlas de graduacion\",\"publisher\":{\"@id\":\"https:\/\/www.lafactoriafotografica.barcelona\/ca\/#organization\"},\"potentialAction\":[{\"@type\":\"SearchAction\",\"target\":{\"@type\":\"EntryPoint\",\"urlTemplate\":\"https:\/\/www.lafactoriafotografica.barcelona\/ca\/?s={search_term_string}\"},\"query-input\":{\"@type\":\"PropertyValueSpecification\",\"valueRequired\":true,\"valueName\":\"search_term_string\"}}],\"inLanguage\":\"ca\"},{\"@type\":\"Organization\",\"@id\":\"https:\/\/www.lafactoriafotografica.barcelona\/ca\/#organization\",\"name\":\"La Factoria Fotogr\u00e0fica\",\"url\":\"https:\/\/www.lafactoriafotografica.barcelona\/ca\/\",\"logo\":{\"@type\":\"ImageObject\",\"inLanguage\":\"ca\",\"@id\":\"https:\/\/www.lafactoriafotografica.barcelona\/ca\/#\/schema\/logo\/image\/\",\"url\":\"https:\/\/www.lafactoriafotografica.barcelona\/wp-content\/uploads\/2022\/03\/factoria-fotografica.png\",\"contentUrl\":\"https:\/\/www.lafactoriafotografica.barcelona\/wp-content\/uploads\/2022\/03\/factoria-fotografica.png\",\"width\":851,\"height\":227,\"caption\":\"La Factoria Fotogr\u00e0fica\"},\"image\":{\"@id\":\"https:\/\/www.lafactoriafotografica.barcelona\/ca\/#\/schema\/logo\/image\/\"},\"sameAs\":[\"https:\/\/www.facebook.com\/lafactoriafotografica\",\"https:\/\/www.instagram.com\/lafactoriafotografica\/\",\"https:\/\/es.linkedin.com\/company\/la-factoria-fotografica\",\"https:\/\/www.youtube.com\/channel\/UC-WHDfk0IhgW0S6X9TxKJYA\"]},{\"@type\":\"Person\",\"@id\":\"https:\/\/www.lafactoriafotografica.barcelona\/ca\/#\/schema\/person\/5fe4a8a061d91e970b44ff681ba35528\",\"name\":\"admin\",\"image\":{\"@type\":\"ImageObject\",\"inLanguage\":\"ca\",\"@id\":\"https:\/\/www.lafactoriafotografica.barcelona\/ca\/#\/schema\/person\/image\/\",\"url\":\"https:\/\/secure.gravatar.com\/avatar\/1227c9ce8628492b48af3b0e7762525e?s=96&d=mm&r=g\",\"contentUrl\":\"https:\/\/secure.gravatar.com\/avatar\/1227c9ce8628492b48af3b0e7762525e?s=96&d=mm&r=g\",\"caption\":\"admin\"}}]}<\/script>\n<!-- \/ Yoast SEO plugin. -->","yoast_head_json":{"title":"Orles escolars a Barcelona | Fotografia professional per a escoles","description":"Orles escolars a Barcelona amb qualitat professional. Disseny personalitzat, fotografia escolar experta i entrega puntual per a promocions 2026. Sol\u00b7licita informaci\u00f3.","robots":{"index":"index","follow":"follow","max-snippet":"max-snippet:-1","max-image-preview":"max-image-preview:large","max-video-preview":"max-video-preview:-1"},"canonical":"https:\/\/www.lafactoriafotografica.barcelona\/ca\/com-escollir-un-proveidor-de-fotografia-escolar-per-al-teu-centre\/","og_locale":"ca_ES","og_type":"article","og_title":"Orles escolars a Barcelona | Fotografia professional per a escoles","og_description":"Orles escolars a Barcelona amb qualitat professional. Disseny personalitzat, fotografia escolar experta i entrega puntual per a promocions 2026. Sol\u00b7licita informaci\u00f3.","og_url":"https:\/\/www.lafactoriafotografica.barcelona\/ca\/com-escollir-un-proveidor-de-fotografia-escolar-per-al-teu-centre\/","og_site_name":"La Factoria Fotogr\u00e0fica","article_publisher":"https:\/\/www.facebook.com\/lafactoriafotografica","article_published_time":"2026-04-01T06:02:54+00:00","article_modified_time":"2026-04-16T08:20:50+00:00","og_image":[{"width":1000,"height":666,"url":"https:\/\/www.lafactoriafotografica.barcelona\/wp-content\/uploads\/2026\/02\/proveedor-fotografo-3.jpg","type":"image\/jpeg"}],"author":"admin","twitter_card":"summary_large_image","twitter_misc":{"Escrit per":"admin","Temps estimat de lectura":"1 minut"},"schema":{"@context":"https:\/\/schema.org","@graph":[{"@type":"Article","@id":"https:\/\/www.lafactoriafotografica.barcelona\/ca\/com-escollir-un-proveidor-de-fotografia-escolar-per-al-teu-centre\/#article","isPartOf":{"@id":"https:\/\/www.lafactoriafotografica.barcelona\/ca\/com-escollir-un-proveidor-de-fotografia-escolar-per-al-teu-centre\/"},"author":{"name":"admin","@id":"https:\/\/www.lafactoriafotografica.barcelona\/ca\/#\/schema\/person\/5fe4a8a061d91e970b44ff681ba35528"},"headline":"Com escollir un prove\u00efdor de fotografia escolar per al teu centre?","datePublished":"2026-04-01T06:02:54+00:00","dateModified":"2026-04-16T08:20:50+00:00","mainEntityOfPage":{"@id":"https:\/\/www.lafactoriafotografica.barcelona\/ca\/com-escollir-un-proveidor-de-fotografia-escolar-per-al-teu-centre\/"},"wordCount":956,"publisher":{"@id":"https:\/\/www.lafactoriafotografica.barcelona\/ca\/#organization"},"image":{"@id":"https:\/\/www.lafactoriafotografica.barcelona\/ca\/com-escollir-un-proveidor-de-fotografia-escolar-per-al-teu-centre\/#primaryimage"},"thumbnailUrl":"https:\/\/i0.wp.com\/www.lafactoriafotografica.barcelona\/wp-content\/uploads\/2026\/02\/proveedor-fotografo-3.jpg?fit=1000%2C666&ssl=1","inLanguage":"ca"},{"@type":"WebPage","@id":"https:\/\/www.lafactoriafotografica.barcelona\/ca\/com-escollir-un-proveidor-de-fotografia-escolar-per-al-teu-centre\/","url":"https:\/\/www.lafactoriafotografica.barcelona\/ca\/com-escollir-un-proveidor-de-fotografia-escolar-per-al-teu-centre\/","name":"Orles escolars a Barcelona | Fotografia professional per a escoles","isPartOf":{"@id":"https:\/\/www.lafactoriafotografica.barcelona\/ca\/#website"},"primaryImageOfPage":{"@id":"https:\/\/www.lafactoriafotografica.barcelona\/ca\/com-escollir-un-proveidor-de-fotografia-escolar-per-al-teu-centre\/#primaryimage"},"image":{"@id":"https:\/\/www.lafactoriafotografica.barcelona\/ca\/com-escollir-un-proveidor-de-fotografia-escolar-per-al-teu-centre\/#primaryimage"},"thumbnailUrl":"https:\/\/i0.wp.com\/www.lafactoriafotografica.barcelona\/wp-content\/uploads\/2026\/02\/proveedor-fotografo-3.jpg?fit=1000%2C666&ssl=1","datePublished":"2026-04-01T06:02:54+00:00","dateModified":"2026-04-16T08:20:50+00:00","description":"Orles escolars a Barcelona amb qualitat professional. Disseny personalitzat, fotografia escolar experta i entrega puntual per a promocions 2026. Sol\u00b7licita informaci\u00f3.","breadcrumb":{"@id":"https:\/\/www.lafactoriafotografica.barcelona\/ca\/com-escollir-un-proveidor-de-fotografia-escolar-per-al-teu-centre\/#breadcrumb"},"inLanguage":"ca","potentialAction":[{"@type":"ReadAction","target":["https:\/\/www.lafactoriafotografica.barcelona\/ca\/com-escollir-un-proveidor-de-fotografia-escolar-per-al-teu-centre\/"]}]},{"@type":"ImageObject","inLanguage":"ca","@id":"https:\/\/www.lafactoriafotografica.barcelona\/ca\/com-escollir-un-proveidor-de-fotografia-escolar-per-al-teu-centre\/#primaryimage","url":"https:\/\/i0.wp.com\/www.lafactoriafotografica.barcelona\/wp-content\/uploads\/2026\/02\/proveedor-fotografo-3.jpg?fit=1000%2C666&ssl=1","contentUrl":"https:\/\/i0.wp.com\/www.lafactoriafotografica.barcelona\/wp-content\/uploads\/2026\/02\/proveedor-fotografo-3.jpg?fit=1000%2C666&ssl=1","width":1000,"height":666,"caption":"proveedor-fotografo-3"},{"@type":"BreadcrumbList","@id":"https:\/\/www.lafactoriafotografica.barcelona\/ca\/com-escollir-un-proveidor-de-fotografia-escolar-per-al-teu-centre\/#breadcrumb","itemListElement":[{"@type":"ListItem","position":1,"name":"Inici","item":"https:\/\/www.lafactoriafotografica.barcelona\/ca\/"},{"@type":"ListItem","position":2,"name":"Com escollir un prove\u00efdor de fotografia escolar per al teu centre?"}]},{"@type":"WebSite","@id":"https:\/\/www.lafactoriafotografica.barcelona\/ca\/#website","url":"https:\/\/www.lafactoriafotografica.barcelona\/ca\/","name":"La Factoria Fotogr\u00e1fica","description":"Fotograf\u00eda escolar y deportiva en Barcelona | Presentaciones  clubs futbol y Orlas de graduacion","publisher":{"@id":"https:\/\/www.lafactoriafotografica.barcelona\/ca\/#organization"},"potentialAction":[{"@type":"SearchAction","target":{"@type":"EntryPoint","urlTemplate":"https:\/\/www.lafactoriafotografica.barcelona\/ca\/?s={search_term_string}"},"query-input":{"@type":"PropertyValueSpecification","valueRequired":true,"valueName":"search_term_string"}}],"inLanguage":"ca"},{"@type":"Organization","@id":"https:\/\/www.lafactoriafotografica.barcelona\/ca\/#organization","name":"La Factoria Fotogr\u00e0fica","url":"https:\/\/www.lafactoriafotografica.barcelona\/ca\/","logo":{"@type":"ImageObject","inLanguage":"ca","@id":"https:\/\/www.lafactoriafotografica.barcelona\/ca\/#\/schema\/logo\/image\/","url":"https:\/\/www.lafactoriafotografica.barcelona\/wp-content\/uploads\/2022\/03\/factoria-fotografica.png","contentUrl":"https:\/\/www.lafactoriafotografica.barcelona\/wp-content\/uploads\/2022\/03\/factoria-fotografica.png","width":851,"height":227,"caption":"La Factoria Fotogr\u00e0fica"},"image":{"@id":"https:\/\/www.lafactoriafotografica.barcelona\/ca\/#\/schema\/logo\/image\/"},"sameAs":["https:\/\/www.facebook.com\/lafactoriafotografica","https:\/\/www.instagram.com\/lafactoriafotografica\/","https:\/\/es.linkedin.com\/company\/la-factoria-fotografica","https:\/\/www.youtube.com\/channel\/UC-WHDfk0IhgW0S6X9TxKJYA"]},{"@type":"Person","@id":"https:\/\/www.lafactoriafotografica.barcelona\/ca\/#\/schema\/person\/5fe4a8a061d91e970b44ff681ba35528","name":"admin","image":{"@type":"ImageObject","inLanguage":"ca","@id":"https:\/\/www.lafactoriafotografica.barcelona\/ca\/#\/schema\/person\/image\/","url":"https:\/\/secure.gravatar.com\/avatar\/1227c9ce8628492b48af3b0e7762525e?s=96&d=mm&r=g","contentUrl":"https:\/\/secure.gravatar.com\/avatar\/1227c9ce8628492b48af3b0e7762525e?s=96&d=mm&r=g","caption":"admin"}}]}},"jetpack_sharing_enabled":true,"jetpack_featured_media_url":"https:\/\/i0.wp.com\/www.lafactoriafotografica.barcelona\/wp-content\/uploads\/2026\/02\/proveedor-fotografo-3.jpg?fit=1000%2C666&ssl=1","_links":{"self":[{"href":"https:\/\/www.lafactoriafotografica.barcelona\/ca\/wp-json\/wp\/v2\/posts\/29731"}],"collection":[{"href":"https:\/\/www.lafactoriafotografica.barcelona\/ca\/wp-json\/wp\/v2\/posts"}],"about":[{"href":"https:\/\/www.lafactoriafotografica.barcelona\/ca\/wp-json\/wp\/v2\/types\/post"}],"author":[{"embeddable":true,"href":"https:\/\/www.lafactoriafotografica.barcelona\/ca\/wp-json\/wp\/v2\/users\/1"}],"replies":[{"embeddable":true,"href":"https:\/\/www.lafactoriafotografica.barcelona\/ca\/wp-json\/wp\/v2\/comments?post=29731"}],"version-history":[{"count":7,"href":"https:\/\/www.lafactoriafotografica.barcelona\/ca\/wp-json\/wp\/v2\/posts\/29731\/revisions"}],"predecessor-version":[{"id":29898,"href":"https:\/\/www.lafactoriafotografica.barcelona\/ca\/wp-json\/wp\/v2\/posts\/29731\/revisions\/29898"}],"wp:featuredmedia":[{"embeddable":true,"href":"https:\/\/www.lafactoriafotografica.barcelona\/ca\/wp-json\/wp\/v2\/media\/29880"}],"wp:attachment":[{"href":"https:\/\/www.lafactoriafotografica.barcelona\/ca\/wp-json\/wp\/v2\/media?parent=29731"}],"wp:term":[{"taxonomy":"category","embeddable":true,"href":"https:\/\/www.lafactoriafotografica.barcelona\/ca\/wp-json\/wp\/v2\/categories?post=29731"},{"taxonomy":"post_tag","embeddable":true,"href":"https:\/\/www.lafactoriafotografica.barcelona\/ca\/wp-json\/wp\/v2\/tags?post=29731"}],"curies":[{"name":"wp","href":"https:\/\/api.w.org\/{rel}","templated":true}]}}