{"id":29847,"date":"2026-04-13T11:13:38","date_gmt":"2026-04-13T09:13:38","guid":{"rendered":"https:\/\/www.lafactoriafotografica.barcelona\/por-que-la-fotografia-corporativa-puede-ayudarte-a-conseguir-clientes\/"},"modified":"2026-04-16T10:19:21","modified_gmt":"2026-04-16T08:19:21","slug":"conseguir-clients","status":"publish","type":"post","link":"https:\/\/www.lafactoriafotografica.barcelona\/ca\/conseguir-clients\/","title":{"rendered":"Per qu\u00e8 la fotografia corporativa et pot ajudar a aconseguir clients?"},"content":{"rendered":"<p>[et_pb_section fb_built=&#8221;1&#8243; admin_label=&#8221;section&#8221; _builder_version=&#8221;4.16&#8243; da_disable_devices=&#8221;off|off|off&#8221; global_colors_info=&#8221;{}&#8221; da_is_popup=&#8221;off&#8221; da_exit_intent=&#8221;off&#8221; da_has_close=&#8221;on&#8221; da_alt_close=&#8221;off&#8221; da_dark_close=&#8221;off&#8221; da_not_modal=&#8221;on&#8221; da_is_singular=&#8221;off&#8221; da_with_loader=&#8221;off&#8221; da_has_shadow=&#8221;on&#8221;][et_pb_row _builder_version=&#8221;4.27.0&#8243; _module_preset=&#8221;default&#8221; global_colors_info=&#8221;{}&#8221;][et_pb_column type=&#8221;4_4&#8243; _builder_version=&#8221;4.27.0&#8243; _module_preset=&#8221;default&#8221; global_colors_info=&#8221;{}&#8221;][et_pb_text _builder_version=&#8221;4.27.0&#8243; _module_preset=&#8221;default&#8221; global_colors_info=&#8221;{}&#8221;]<\/p>\n<h2><strong>Per qu\u00e8 la fotografia corporativa influeix en la conversi\u00f3 de clients?<\/strong><\/h2>\n<p>[\/et_pb_text][\/et_pb_column][\/et_pb_row][et_pb_row admin_label=&#8221;row&#8221; _builder_version=&#8221;4.16&#8243; background_size=&#8221;initial&#8221; background_position=&#8221;top_left&#8221; background_repeat=&#8221;repeat&#8221; global_colors_info=&#8221;{}&#8221;][et_pb_column type=&#8221;4_4&#8243; _builder_version=&#8221;4.16&#8243; custom_padding=&#8221;|||&#8221; global_colors_info=&#8221;{}&#8221; custom_padding__hover=&#8221;|||&#8221;][et_pb_text admin_label=&#8221;Text&#8221; _builder_version=&#8221;4.27.0&#8243; background_size=&#8221;initial&#8221; background_position=&#8221;top_left&#8221; background_repeat=&#8221;repeat&#8221; global_colors_info=&#8221;{}&#8221;]<\/p>\n<h4><strong>La fotografia corporativa influeix directament en la conversi\u00f3, t&#8217;ho expliquem seguidament:<\/strong><\/h4>\n<p>&nbsp;<\/p>\n<p><span style=\"color: #000000;\">La fotografia corporativa determina com una empresa \u00e9s percebuda en els primers segons de contacte digital. Una imatge professional genera confian\u00e7a immediata, millora el CTR en anuncis i xarxes i refor\u00e7a la identitat visual de la marca. Quan les fotos s\u00f3n improvisades, incoherents o mal il\u00b7luminades, la percepci\u00f3 de valor cau i la conversi\u00f3 se&#8217;n ressent.<\/span><\/p>\n<p>&nbsp;<\/p>\n<h3><strong>La confian\u00e7a es decideix en una imagte<\/strong><\/h3>\n<h3>L&#8217;usuari avalua si una empresa \u00e9s fiable abans de llegir una frase. La fotografia actua com una drecera mental:<\/h3>\n<p>&nbsp;<\/p>\n<ul>\n<li><span style=\"color: #000000;\">Retrats professionals transmeten proximitat i credibilitat.<\/span><\/li>\n<li><span style=\"color: #000000;\">Imatges d&#8217;instal\u00b7lacions netes i ordenades generen seguretat.<\/span><\/li>\n<li><span style=\"color: #000000;\">Fotografies de processos reals reforcen transpar\u00e8ncia i professionalitat.<\/span><\/li>\n<li><span style=\"color: #000000;\">Un web amb imatges cuidades ret\u00e9 m\u00e9s temps a l&#8217;usuari i redueix la taxa de rebot, dos factors que influeixen directament a la conversi\u00f3.<\/span><\/li>\n<\/ul>\n<p>&nbsp;<\/p>\n<h2>Com la fotografia millora el CTR en anuncis i xarxes<\/h2>\n<p>Les imatges s\u00f3n responsables de gran part del clic a campanyes i publicacions. Quan estan ben produ\u00efdes:<\/p>\n<ul>\n<li><span style=\"color: #000000;\">Aumentin la interacci\u00f3 a xarxes.<\/span><\/li>\n<li><span style=\"color: #000000;\">Diferencien la marca davant de competidors.<\/span><\/li>\n<li><span style=\"color: #000000;\">Atrauen clics de m\u00e9s qualitat, m\u00e9s predisposats a convertir.<\/span><\/li>\n<li><span style=\"color: #000000;\">Una foto professional no nom\u00e9s crida l?atenci\u00f3: filtra millor el p\u00fablic, perqu\u00e8 comunica valor des del primer impacte.<\/span><\/li>\n<\/ul>\n<p>&nbsp;<\/p>\n<h2>La percepci\u00f3 de marca dep\u00e8n de la coher\u00e8ncia visual<\/h2>\n<p><span style=\"color: #000000;\">La fotografia corporativa \u00e9s part del branding. Si cada imatge segueix un estil coherent, la marca \u00e9s percebuda s\u00f2lida i professional.<\/span><\/p>\n<p><span style=\"color: #000000;\">Un estil visual homogeni transmet ordre.<\/span><\/p>\n<p><span style=\"color: #000000;\">Una paleta crom\u00e0tica consistent refor\u00e7a identitat.<\/span><\/p>\n<p><span style=\"color: #000000;\">La coher\u00e8ncia entre webs, xarxes i materials comercials augmenta el record de marca.<\/span><\/p>\n<p><span style=\"color: #000000;\">Una empresa pot oferir un gran servei, per\u00f2 si les fotos sembla improvisades, el valor percebut \u00e9s desploma.<\/span><\/p>\n<p>&nbsp;<\/p>\n<p>&nbsp;<\/p>\n<h2>\u00a0Errors habituals en fotografia corporativa i com evitar-los<\/h2>\n<p>&nbsp;<\/p>\n<h4><strong>1 -Poses for\u00e7ades que generin desconfian\u00e7a<\/strong><\/h4>\n<p><span style=\"color: #000000;\">Somriures tensos, bra\u00e7os plegats o postures r\u00edgides transmeten incomoditat. Soluci\u00f3: dirigir la sessi\u00f3 amb naturalitat, cercar expressions aut\u00e8ntiques i postures relaxades.<\/span><\/p>\n<p><span style=\"color: #000000;\">\u00a0<\/span><\/p>\n<h4><span style=\"color: #000000;\"><strong>2 &#8211; Il\u00b7luminaci\u00f3 pobre que resta professionalitat<\/strong><\/span><\/h4>\n<p><span style=\"color: #000000;\">Ombres durs, pell apagada o fons mal exposats s\u00f3n senyals de manca de cura. Soluci\u00f3: il\u00b7luminaci\u00f3 professional o llum natural controlada, consist\u00e8ncia entre retrats i evitar barreges de temperatura de color.<\/span><\/p>\n<p><span style=\"color: #000000;\">\u00a0<\/span><\/p>\n<h4><span style=\"color: #000000;\"><strong>3 &#8211; Fons incoherents que trenquin la identitat visual<\/strong><\/span><\/h4>\n<p><span style=\"color: #000000;\">Espais desordenats o colors que no encaixen distreuen i resten credibilitat. Soluci\u00f3: fons neutres o corporatius, paleta crom\u00e0tica coherent i preparaci\u00f3 de lespai.<\/span><\/p>\n<p><span style=\"color: #000000;\">\u00a0<\/span><\/p>\n<h4><span style=\"color: #000000;\"><strong>4 &#8211; Retrats d&#8217;equip sense cohesi\u00f3<\/strong><\/span><\/h4>\n<p><span style=\"color: #000000;\">Fotos fetes en dies diferents, amb estils diferents o qualitats desiguals transmeten desordre intern. Soluci\u00f3: planificar una sessi\u00f3 unificada i crear una guia visual per a futures incorporacions.<\/span><\/p>\n<p>&nbsp;<\/p>\n<h2><strong>Conclusi\u00f3<\/strong><\/h2>\n<p><span style=\"color: #000000;\">La fotografia corporativa no \u00e9s un detall est\u00e8tic: \u00e9s una eina estrat\u00e9gica que influeix en la confian\u00e7a, el CTR i la conversi\u00f3. Una empresa que t\u00e9 cura de la imatge visual projecta professionalitat i valor; una que no ho fa perd oportunitats abans fins i tot iniciar la conversa.<\/span><\/p>\n<hr data-start=\"3361\" data-end=\"3364\" \/>\n<p data-start=\"3366\" data-end=\"3538\"><br data-start=\"3456\" data-end=\"3459\" \/>\ud83d\udcf1 Tel\u00e8fon i WhatsApp: 600 537 884<\/p>\n<p>[\/et_pb_text][et_pb_button button_text=&#8221;CONTACTO&#8221; button_alignment=&#8221;center&#8221; _builder_version=&#8221;4.27.0&#8243; _module_preset=&#8221;default&#8221; global_colors_info=&#8221;{}&#8221;][\/et_pb_button][\/et_pb_column][\/et_pb_row][\/et_pb_section][et_pb_section fb_built=&#8221;1&#8243; _builder_version=&#8221;4.27.0&#8243; _module_preset=&#8221;default&#8221; da_disable_devices=&#8221;off|off|off&#8221; global_colors_info=&#8221;{}&#8221; da_is_popup=&#8221;off&#8221; da_exit_intent=&#8221;off&#8221; da_has_close=&#8221;on&#8221; da_alt_close=&#8221;off&#8221; da_dark_close=&#8221;off&#8221; da_not_modal=&#8221;on&#8221; da_is_singular=&#8221;off&#8221; da_with_loader=&#8221;off&#8221; da_has_shadow=&#8221;on&#8221;][et_pb_row _builder_version=&#8221;4.27.0&#8243; _module_preset=&#8221;default&#8221; global_colors_info=&#8221;{}&#8221;][et_pb_column type=&#8221;4_4&#8243; _builder_version=&#8221;4.27.0&#8243; _module_preset=&#8221;default&#8221; global_colors_info=&#8221;{}&#8221;][et_pb_post_slider offset_number=&#8221;2&#8243; _builder_version=&#8221;4.27.0&#8243; _module_preset=&#8221;default&#8221; hover_enabled=&#8221;0&#8243; global_colors_info=&#8221;{}&#8221; posts_number=&#8221;3&#8243; sticky_enabled=&#8221;0&#8243;][\/et_pb_post_slider][\/et_pb_column][\/et_pb_row][\/et_pb_section]<\/p>\n","protected":false},"excerpt":{"rendered":"<p>Per qu\u00e8 la fotografia corporativa influeix en la conversi\u00f3 de clients?La fotografia corporativa influeix directament en la conversi\u00f3, t&#8217;ho expliquem seguidament: &nbsp; La fotografia corporativa determina com una empresa \u00e9s percebuda en els primers segons de contacte digital. Una imatge professional genera confian\u00e7a immediata, millora el CTR en anuncis i xarxes i refor\u00e7a la identitat [&hellip;]<\/p>\n","protected":false},"author":1,"featured_media":29883,"comment_status":"closed","ping_status":"open","sticky":false,"template":"","format":"standard","meta":{"_et_pb_use_builder":"on","_et_pb_old_content":"","_et_gb_content_width":"","_jetpack_memberships_contains_paid_content":false,"_joinchat":[],"footnotes":""},"categories":[143],"tags":[],"class_list":["post-29847","post","type-post","status-publish","format-standard","has-post-thumbnail","hentry","category-sense-categoria"],"yoast_head":"<!-- This site is optimized with the Yoast SEO plugin v23.4 - https:\/\/yoast.com\/wordpress\/plugins\/seo\/ -->\n<title>fotografia corporativa pot ajudar-te a aconseguir clients<\/title>\n<meta name=\"description\" content=\"fotografia corporativa pot ajudar-te a aconseguir clients\" \/>\n<meta name=\"robots\" content=\"index, follow, max-snippet:-1, max-image-preview:large, max-video-preview:-1\" \/>\n<link rel=\"canonical\" href=\"https:\/\/www.lafactoriafotografica.barcelona\/ca\/conseguir-clients\/\" \/>\n<meta property=\"og:locale\" content=\"ca_ES\" \/>\n<meta property=\"og:type\" content=\"article\" \/>\n<meta property=\"og:title\" content=\"fotografia corporativa pot ajudar-te a aconseguir clients\" \/>\n<meta property=\"og:description\" content=\"fotografia corporativa pot ajudar-te a aconseguir clients\" \/>\n<meta property=\"og:url\" content=\"https:\/\/www.lafactoriafotografica.barcelona\/ca\/conseguir-clients\/\" \/>\n<meta property=\"og:site_name\" content=\"La Factoria Fotogr\u00e0fica\" \/>\n<meta property=\"article:publisher\" content=\"https:\/\/www.facebook.com\/lafactoriafotografica\" \/>\n<meta property=\"article:published_time\" content=\"2026-04-13T09:13:38+00:00\" \/>\n<meta property=\"article:modified_time\" content=\"2026-04-16T08:19:21+00:00\" \/>\n<meta property=\"og:image\" content=\"https:\/\/www.lafactoriafotografica.barcelona\/wp-content\/uploads\/2026\/02\/fotogragia-corporativa-4.jpg\" \/>\n\t<meta property=\"og:image:width\" content=\"1000\" \/>\n\t<meta property=\"og:image:height\" content=\"666\" \/>\n\t<meta property=\"og:image:type\" content=\"image\/jpeg\" \/>\n<meta name=\"author\" content=\"admin\" \/>\n<meta name=\"twitter:card\" content=\"summary_large_image\" \/>\n<meta name=\"twitter:label1\" content=\"Escrit per\" \/>\n\t<meta name=\"twitter:data1\" content=\"admin\" \/>\n\t<meta name=\"twitter:label2\" content=\"Temps estimat de lectura\" \/>\n\t<meta name=\"twitter:data2\" content=\"4 minuts\" \/>\n<script type=\"application\/ld+json\" class=\"yoast-schema-graph\">{\"@context\":\"https:\/\/schema.org\",\"@graph\":[{\"@type\":\"Article\",\"@id\":\"https:\/\/www.lafactoriafotografica.barcelona\/ca\/conseguir-clients\/#article\",\"isPartOf\":{\"@id\":\"https:\/\/www.lafactoriafotografica.barcelona\/ca\/conseguir-clients\/\"},\"author\":{\"name\":\"admin\",\"@id\":\"https:\/\/www.lafactoriafotografica.barcelona\/ca\/#\/schema\/person\/5fe4a8a061d91e970b44ff681ba35528\"},\"headline\":\"Per qu\u00e8 la fotografia corporativa et pot ajudar a aconseguir clients?\",\"datePublished\":\"2026-04-13T09:13:38+00:00\",\"dateModified\":\"2026-04-16T08:19:21+00:00\",\"mainEntityOfPage\":{\"@id\":\"https:\/\/www.lafactoriafotografica.barcelona\/ca\/conseguir-clients\/\"},\"wordCount\":833,\"publisher\":{\"@id\":\"https:\/\/www.lafactoriafotografica.barcelona\/ca\/#organization\"},\"image\":{\"@id\":\"https:\/\/www.lafactoriafotografica.barcelona\/ca\/conseguir-clients\/#primaryimage\"},\"thumbnailUrl\":\"https:\/\/i0.wp.com\/www.lafactoriafotografica.barcelona\/wp-content\/uploads\/2026\/02\/fotogragia-corporativa-4.jpg?fit=1000%2C666&ssl=1\",\"inLanguage\":\"ca\"},{\"@type\":\"WebPage\",\"@id\":\"https:\/\/www.lafactoriafotografica.barcelona\/ca\/conseguir-clients\/\",\"url\":\"https:\/\/www.lafactoriafotografica.barcelona\/ca\/conseguir-clients\/\",\"name\":\"fotografia corporativa pot ajudar-te a aconseguir clients\",\"isPartOf\":{\"@id\":\"https:\/\/www.lafactoriafotografica.barcelona\/ca\/#website\"},\"primaryImageOfPage\":{\"@id\":\"https:\/\/www.lafactoriafotografica.barcelona\/ca\/conseguir-clients\/#primaryimage\"},\"image\":{\"@id\":\"https:\/\/www.lafactoriafotografica.barcelona\/ca\/conseguir-clients\/#primaryimage\"},\"thumbnailUrl\":\"https:\/\/i0.wp.com\/www.lafactoriafotografica.barcelona\/wp-content\/uploads\/2026\/02\/fotogragia-corporativa-4.jpg?fit=1000%2C666&ssl=1\",\"datePublished\":\"2026-04-13T09:13:38+00:00\",\"dateModified\":\"2026-04-16T08:19:21+00:00\",\"description\":\"fotografia corporativa pot ajudar-te a aconseguir clients\",\"breadcrumb\":{\"@id\":\"https:\/\/www.lafactoriafotografica.barcelona\/ca\/conseguir-clients\/#breadcrumb\"},\"inLanguage\":\"ca\",\"potentialAction\":[{\"@type\":\"ReadAction\",\"target\":[\"https:\/\/www.lafactoriafotografica.barcelona\/ca\/conseguir-clients\/\"]}]},{\"@type\":\"ImageObject\",\"inLanguage\":\"ca\",\"@id\":\"https:\/\/www.lafactoriafotografica.barcelona\/ca\/conseguir-clients\/#primaryimage\",\"url\":\"https:\/\/i0.wp.com\/www.lafactoriafotografica.barcelona\/wp-content\/uploads\/2026\/02\/fotogragia-corporativa-4.jpg?fit=1000%2C666&ssl=1\",\"contentUrl\":\"https:\/\/i0.wp.com\/www.lafactoriafotografica.barcelona\/wp-content\/uploads\/2026\/02\/fotogragia-corporativa-4.jpg?fit=1000%2C666&ssl=1\",\"width\":1000,\"height\":666,\"caption\":\"fotogragia-corporativa-4\"},{\"@type\":\"BreadcrumbList\",\"@id\":\"https:\/\/www.lafactoriafotografica.barcelona\/ca\/conseguir-clients\/#breadcrumb\",\"itemListElement\":[{\"@type\":\"ListItem\",\"position\":1,\"name\":\"Inici\",\"item\":\"https:\/\/www.lafactoriafotografica.barcelona\/ca\/\"},{\"@type\":\"ListItem\",\"position\":2,\"name\":\"Per qu\u00e8 la fotografia corporativa et pot ajudar a aconseguir clients?\"}]},{\"@type\":\"WebSite\",\"@id\":\"https:\/\/www.lafactoriafotografica.barcelona\/ca\/#website\",\"url\":\"https:\/\/www.lafactoriafotografica.barcelona\/ca\/\",\"name\":\"La Factoria Fotogr\u00e1fica\",\"description\":\"Fotograf\u00eda escolar y deportiva en Barcelona | Presentaciones  clubs futbol y Orlas de graduacion\",\"publisher\":{\"@id\":\"https:\/\/www.lafactoriafotografica.barcelona\/ca\/#organization\"},\"potentialAction\":[{\"@type\":\"SearchAction\",\"target\":{\"@type\":\"EntryPoint\",\"urlTemplate\":\"https:\/\/www.lafactoriafotografica.barcelona\/ca\/?s={search_term_string}\"},\"query-input\":{\"@type\":\"PropertyValueSpecification\",\"valueRequired\":true,\"valueName\":\"search_term_string\"}}],\"inLanguage\":\"ca\"},{\"@type\":\"Organization\",\"@id\":\"https:\/\/www.lafactoriafotografica.barcelona\/ca\/#organization\",\"name\":\"La Factoria Fotogr\u00e0fica\",\"url\":\"https:\/\/www.lafactoriafotografica.barcelona\/ca\/\",\"logo\":{\"@type\":\"ImageObject\",\"inLanguage\":\"ca\",\"@id\":\"https:\/\/www.lafactoriafotografica.barcelona\/ca\/#\/schema\/logo\/image\/\",\"url\":\"https:\/\/www.lafactoriafotografica.barcelona\/wp-content\/uploads\/2022\/03\/factoria-fotografica.png\",\"contentUrl\":\"https:\/\/www.lafactoriafotografica.barcelona\/wp-content\/uploads\/2022\/03\/factoria-fotografica.png\",\"width\":851,\"height\":227,\"caption\":\"La Factoria Fotogr\u00e0fica\"},\"image\":{\"@id\":\"https:\/\/www.lafactoriafotografica.barcelona\/ca\/#\/schema\/logo\/image\/\"},\"sameAs\":[\"https:\/\/www.facebook.com\/lafactoriafotografica\",\"https:\/\/www.instagram.com\/lafactoriafotografica\/\",\"https:\/\/es.linkedin.com\/company\/la-factoria-fotografica\",\"https:\/\/www.youtube.com\/channel\/UC-WHDfk0IhgW0S6X9TxKJYA\"]},{\"@type\":\"Person\",\"@id\":\"https:\/\/www.lafactoriafotografica.barcelona\/ca\/#\/schema\/person\/5fe4a8a061d91e970b44ff681ba35528\",\"name\":\"admin\",\"image\":{\"@type\":\"ImageObject\",\"inLanguage\":\"ca\",\"@id\":\"https:\/\/www.lafactoriafotografica.barcelona\/ca\/#\/schema\/person\/image\/\",\"url\":\"https:\/\/secure.gravatar.com\/avatar\/1227c9ce8628492b48af3b0e7762525e?s=96&d=mm&r=g\",\"contentUrl\":\"https:\/\/secure.gravatar.com\/avatar\/1227c9ce8628492b48af3b0e7762525e?s=96&d=mm&r=g\",\"caption\":\"admin\"}}]}<\/script>\n<!-- \/ Yoast SEO plugin. -->","yoast_head_json":{"title":"fotografia corporativa pot ajudar-te a aconseguir clients","description":"fotografia corporativa pot ajudar-te a aconseguir clients","robots":{"index":"index","follow":"follow","max-snippet":"max-snippet:-1","max-image-preview":"max-image-preview:large","max-video-preview":"max-video-preview:-1"},"canonical":"https:\/\/www.lafactoriafotografica.barcelona\/ca\/conseguir-clients\/","og_locale":"ca_ES","og_type":"article","og_title":"fotografia corporativa pot ajudar-te a aconseguir clients","og_description":"fotografia corporativa pot ajudar-te a aconseguir clients","og_url":"https:\/\/www.lafactoriafotografica.barcelona\/ca\/conseguir-clients\/","og_site_name":"La Factoria Fotogr\u00e0fica","article_publisher":"https:\/\/www.facebook.com\/lafactoriafotografica","article_published_time":"2026-04-13T09:13:38+00:00","article_modified_time":"2026-04-16T08:19:21+00:00","og_image":[{"width":1000,"height":666,"url":"https:\/\/www.lafactoriafotografica.barcelona\/wp-content\/uploads\/2026\/02\/fotogragia-corporativa-4.jpg","type":"image\/jpeg"}],"author":"admin","twitter_card":"summary_large_image","twitter_misc":{"Escrit per":"admin","Temps estimat de lectura":"4 minuts"},"schema":{"@context":"https:\/\/schema.org","@graph":[{"@type":"Article","@id":"https:\/\/www.lafactoriafotografica.barcelona\/ca\/conseguir-clients\/#article","isPartOf":{"@id":"https:\/\/www.lafactoriafotografica.barcelona\/ca\/conseguir-clients\/"},"author":{"name":"admin","@id":"https:\/\/www.lafactoriafotografica.barcelona\/ca\/#\/schema\/person\/5fe4a8a061d91e970b44ff681ba35528"},"headline":"Per qu\u00e8 la fotografia corporativa et pot ajudar a aconseguir clients?","datePublished":"2026-04-13T09:13:38+00:00","dateModified":"2026-04-16T08:19:21+00:00","mainEntityOfPage":{"@id":"https:\/\/www.lafactoriafotografica.barcelona\/ca\/conseguir-clients\/"},"wordCount":833,"publisher":{"@id":"https:\/\/www.lafactoriafotografica.barcelona\/ca\/#organization"},"image":{"@id":"https:\/\/www.lafactoriafotografica.barcelona\/ca\/conseguir-clients\/#primaryimage"},"thumbnailUrl":"https:\/\/i0.wp.com\/www.lafactoriafotografica.barcelona\/wp-content\/uploads\/2026\/02\/fotogragia-corporativa-4.jpg?fit=1000%2C666&ssl=1","inLanguage":"ca"},{"@type":"WebPage","@id":"https:\/\/www.lafactoriafotografica.barcelona\/ca\/conseguir-clients\/","url":"https:\/\/www.lafactoriafotografica.barcelona\/ca\/conseguir-clients\/","name":"fotografia corporativa pot ajudar-te a aconseguir clients","isPartOf":{"@id":"https:\/\/www.lafactoriafotografica.barcelona\/ca\/#website"},"primaryImageOfPage":{"@id":"https:\/\/www.lafactoriafotografica.barcelona\/ca\/conseguir-clients\/#primaryimage"},"image":{"@id":"https:\/\/www.lafactoriafotografica.barcelona\/ca\/conseguir-clients\/#primaryimage"},"thumbnailUrl":"https:\/\/i0.wp.com\/www.lafactoriafotografica.barcelona\/wp-content\/uploads\/2026\/02\/fotogragia-corporativa-4.jpg?fit=1000%2C666&ssl=1","datePublished":"2026-04-13T09:13:38+00:00","dateModified":"2026-04-16T08:19:21+00:00","description":"fotografia corporativa pot ajudar-te a aconseguir clients","breadcrumb":{"@id":"https:\/\/www.lafactoriafotografica.barcelona\/ca\/conseguir-clients\/#breadcrumb"},"inLanguage":"ca","potentialAction":[{"@type":"ReadAction","target":["https:\/\/www.lafactoriafotografica.barcelona\/ca\/conseguir-clients\/"]}]},{"@type":"ImageObject","inLanguage":"ca","@id":"https:\/\/www.lafactoriafotografica.barcelona\/ca\/conseguir-clients\/#primaryimage","url":"https:\/\/i0.wp.com\/www.lafactoriafotografica.barcelona\/wp-content\/uploads\/2026\/02\/fotogragia-corporativa-4.jpg?fit=1000%2C666&ssl=1","contentUrl":"https:\/\/i0.wp.com\/www.lafactoriafotografica.barcelona\/wp-content\/uploads\/2026\/02\/fotogragia-corporativa-4.jpg?fit=1000%2C666&ssl=1","width":1000,"height":666,"caption":"fotogragia-corporativa-4"},{"@type":"BreadcrumbList","@id":"https:\/\/www.lafactoriafotografica.barcelona\/ca\/conseguir-clients\/#breadcrumb","itemListElement":[{"@type":"ListItem","position":1,"name":"Inici","item":"https:\/\/www.lafactoriafotografica.barcelona\/ca\/"},{"@type":"ListItem","position":2,"name":"Per qu\u00e8 la fotografia corporativa et pot ajudar a aconseguir clients?"}]},{"@type":"WebSite","@id":"https:\/\/www.lafactoriafotografica.barcelona\/ca\/#website","url":"https:\/\/www.lafactoriafotografica.barcelona\/ca\/","name":"La Factoria Fotogr\u00e1fica","description":"Fotograf\u00eda escolar y deportiva en Barcelona | Presentaciones  clubs futbol y Orlas de graduacion","publisher":{"@id":"https:\/\/www.lafactoriafotografica.barcelona\/ca\/#organization"},"potentialAction":[{"@type":"SearchAction","target":{"@type":"EntryPoint","urlTemplate":"https:\/\/www.lafactoriafotografica.barcelona\/ca\/?s={search_term_string}"},"query-input":{"@type":"PropertyValueSpecification","valueRequired":true,"valueName":"search_term_string"}}],"inLanguage":"ca"},{"@type":"Organization","@id":"https:\/\/www.lafactoriafotografica.barcelona\/ca\/#organization","name":"La Factoria Fotogr\u00e0fica","url":"https:\/\/www.lafactoriafotografica.barcelona\/ca\/","logo":{"@type":"ImageObject","inLanguage":"ca","@id":"https:\/\/www.lafactoriafotografica.barcelona\/ca\/#\/schema\/logo\/image\/","url":"https:\/\/www.lafactoriafotografica.barcelona\/wp-content\/uploads\/2022\/03\/factoria-fotografica.png","contentUrl":"https:\/\/www.lafactoriafotografica.barcelona\/wp-content\/uploads\/2022\/03\/factoria-fotografica.png","width":851,"height":227,"caption":"La Factoria Fotogr\u00e0fica"},"image":{"@id":"https:\/\/www.lafactoriafotografica.barcelona\/ca\/#\/schema\/logo\/image\/"},"sameAs":["https:\/\/www.facebook.com\/lafactoriafotografica","https:\/\/www.instagram.com\/lafactoriafotografica\/","https:\/\/es.linkedin.com\/company\/la-factoria-fotografica","https:\/\/www.youtube.com\/channel\/UC-WHDfk0IhgW0S6X9TxKJYA"]},{"@type":"Person","@id":"https:\/\/www.lafactoriafotografica.barcelona\/ca\/#\/schema\/person\/5fe4a8a061d91e970b44ff681ba35528","name":"admin","image":{"@type":"ImageObject","inLanguage":"ca","@id":"https:\/\/www.lafactoriafotografica.barcelona\/ca\/#\/schema\/person\/image\/","url":"https:\/\/secure.gravatar.com\/avatar\/1227c9ce8628492b48af3b0e7762525e?s=96&d=mm&r=g","contentUrl":"https:\/\/secure.gravatar.com\/avatar\/1227c9ce8628492b48af3b0e7762525e?s=96&d=mm&r=g","caption":"admin"}}]}},"jetpack_sharing_enabled":true,"jetpack_featured_media_url":"https:\/\/i0.wp.com\/www.lafactoriafotografica.barcelona\/wp-content\/uploads\/2026\/02\/fotogragia-corporativa-4.jpg?fit=1000%2C666&ssl=1","_links":{"self":[{"href":"https:\/\/www.lafactoriafotografica.barcelona\/ca\/wp-json\/wp\/v2\/posts\/29847"}],"collection":[{"href":"https:\/\/www.lafactoriafotografica.barcelona\/ca\/wp-json\/wp\/v2\/posts"}],"about":[{"href":"https:\/\/www.lafactoriafotografica.barcelona\/ca\/wp-json\/wp\/v2\/types\/post"}],"author":[{"embeddable":true,"href":"https:\/\/www.lafactoriafotografica.barcelona\/ca\/wp-json\/wp\/v2\/users\/1"}],"replies":[{"embeddable":true,"href":"https:\/\/www.lafactoriafotografica.barcelona\/ca\/wp-json\/wp\/v2\/comments?post=29847"}],"version-history":[{"count":13,"href":"https:\/\/www.lafactoriafotografica.barcelona\/ca\/wp-json\/wp\/v2\/posts\/29847\/revisions"}],"predecessor-version":[{"id":29897,"href":"https:\/\/www.lafactoriafotografica.barcelona\/ca\/wp-json\/wp\/v2\/posts\/29847\/revisions\/29897"}],"wp:featuredmedia":[{"embeddable":true,"href":"https:\/\/www.lafactoriafotografica.barcelona\/ca\/wp-json\/wp\/v2\/media\/29883"}],"wp:attachment":[{"href":"https:\/\/www.lafactoriafotografica.barcelona\/ca\/wp-json\/wp\/v2\/media?parent=29847"}],"wp:term":[{"taxonomy":"category","embeddable":true,"href":"https:\/\/www.lafactoriafotografica.barcelona\/ca\/wp-json\/wp\/v2\/categories?post=29847"},{"taxonomy":"post_tag","embeddable":true,"href":"https:\/\/www.lafactoriafotografica.barcelona\/ca\/wp-json\/wp\/v2\/tags?post=29847"}],"curies":[{"name":"wp","href":"https:\/\/api.w.org\/{rel}","templated":true}]}}